{"id":3549,"date":"2015-10-20T09:23:26","date_gmt":"2015-10-20T07:23:26","guid":{"rendered":"http:\/\/blog.soloptical.net\/?p=3549"},"modified":"2015-10-20T09:16:43","modified_gmt":"2015-10-20T07:16:43","slug":"famosos-que-llevan-gafas-por-postureo","status":"publish","type":"post","link":"https:\/\/soloptical.net\/blog\/famosos-que-llevan-gafas-por-postureo\/","title":{"rendered":"Famosos que llevan gafas por postureo"},"content":{"rendered":"<p>Las modas pasajeras viajan como\u00a0en un tren, y van y vienen\u00a0con maletas llenas de nuevos accesorios y complementos que marcan la tendencia de largas temporadas.\u00a0Existe, desde hace ya un tiempo una moda tan\u00a0particular como\u00a0extravagante, y es la de <strong>llevar gafas de vista sin graduar<\/strong> y los famosos se han convertido en los principales valedores \u00a0de este discutible pero singular accesorio.<\/p>\n<p>Hay quien identifica esta tendencia con el estilo hipster ya que la gran parte de estas gafas sin graduar son de pasta, complemento simb\u00f3lico de esta subcultura emergente. Como se dir\u00eda en el lenguaje de la calle, es puro\u00a0\u00abpostureo\u00bb, ya que no tiene ning\u00fan tipo de utilidad desde el punto de vista m\u00e9dico, su\u00a0principal funci\u00f3n, aportando solo valor est\u00e9tico al outfit.<\/p>\n<p>Hoy, <strong>repasamos los famosos nacionales e internacionales que lucen gafas sin necesidad de hacerlo<\/strong>, algunos te sorprender\u00e1n.<\/p>\n<p>Johnny Depp, quiz\u00e1s el mayor exponente de esta moda. El actor americano ya empez\u00f3 a lucir gafas sin cristales hace unos a\u00f1os y ha hecho de su estilo su indentidad. Nos encanta que Depp\u00a0vaya hasta el final con sus extravagancias, sin ellas no ser\u00eda el mismo.<\/p>\n<p><a href=\"http:\/\/blog.soloptical.net\/wp-content\/uploads\/2015\/10\/Johnny-Depp-gafas.jpg\"><img loading=\"lazy\" class=\"aligncenter wp-image-3555 size-large\" src=\"http:\/\/blog.soloptical.net\/wp-content\/uploads\/2015\/10\/Johnny-Depp-gafas-1024x640.jpg\" alt=\"johnny depp gafas\" width=\"900\" height=\"563\" srcset=\"https:\/\/soloptical.net\/blog\/wp-content\/uploads\/2015\/10\/Johnny-Depp-gafas-1024x640.jpg 1024w, https:\/\/soloptical.net\/blog\/wp-content\/uploads\/2015\/10\/Johnny-Depp-gafas-300x188.jpg 300w, https:\/\/soloptical.net\/blog\/wp-content\/uploads\/2015\/10\/Johnny-Depp-gafas-980x613.jpg 980w, https:\/\/soloptical.net\/blog\/wp-content\/uploads\/2015\/10\/Johnny-Depp-gafas-573x358.jpg 573w, https:\/\/soloptical.net\/blog\/wp-content\/uploads\/2015\/10\/Johnny-Depp-gafas.jpg 1920w\" sizes=\"(max-width: 900px) 100vw, 900px\" \/><\/a><\/p>\n<p>Cristiano Ronaldo. La estrella del Real Madrid ya ha aparecido en varios actos p\u00fablicos con unas gafas de pasta con cristales brillantes pero sin graduar. El portugu\u00e9s est\u00e1 haci\u00e9ndose un hueco en el mundo de la moda, en el que tambi\u00e9n ha llegado incluso a crear su propia firma, siendo \u00e9l mismo su principal embajador e icono publicitario.<\/p>\n<p><a href=\"http:\/\/blog.soloptical.net\/wp-content\/uploads\/2015\/10\/Cristiano-Ronaldo-gafas.jpg\"><img loading=\"lazy\" class=\"alignnone size-full wp-image-3553\" src=\"http:\/\/blog.soloptical.net\/wp-content\/uploads\/2015\/10\/Cristiano-Ronaldo-gafas.jpg\" alt=\"las gafas de vista de cristiano ronaldo\" width=\"1000\" height=\"830\" srcset=\"https:\/\/soloptical.net\/blog\/wp-content\/uploads\/2015\/10\/Cristiano-Ronaldo-gafas.jpg 1000w, https:\/\/soloptical.net\/blog\/wp-content\/uploads\/2015\/10\/Cristiano-Ronaldo-gafas-300x249.jpg 300w, https:\/\/soloptical.net\/blog\/wp-content\/uploads\/2015\/10\/Cristiano-Ronaldo-gafas-886x735.jpg 886w, https:\/\/soloptical.net\/blog\/wp-content\/uploads\/2015\/10\/Cristiano-Ronaldo-gafas-518x430.jpg 518w\" sizes=\"(max-width: 1000px) 100vw, 1000px\" \/><\/a><\/p>\n<p>Justin Bieber. El joven cantante tambi\u00e9n se ha apuntado recientemente a esta moda.<\/p>\n<p><a href=\"http:\/\/blog.soloptical.net\/wp-content\/uploads\/2015\/10\/Justin-Bieber-gafas.jpg\"><img loading=\"lazy\" class=\"aligncenter wp-image-3557 size-large\" src=\"http:\/\/blog.soloptical.net\/wp-content\/uploads\/2015\/10\/Justin-Bieber-gafas-1024x640.jpg\" alt=\"justin bieber gafas\" width=\"900\" height=\"563\" srcset=\"https:\/\/soloptical.net\/blog\/wp-content\/uploads\/2015\/10\/Justin-Bieber-gafas-1024x640.jpg 1024w, https:\/\/soloptical.net\/blog\/wp-content\/uploads\/2015\/10\/Justin-Bieber-gafas-300x188.jpg 300w, https:\/\/soloptical.net\/blog\/wp-content\/uploads\/2015\/10\/Justin-Bieber-gafas-980x613.jpg 980w, https:\/\/soloptical.net\/blog\/wp-content\/uploads\/2015\/10\/Justin-Bieber-gafas-573x358.jpg 573w, https:\/\/soloptical.net\/blog\/wp-content\/uploads\/2015\/10\/Justin-Bieber-gafas.jpg 1920w\" sizes=\"(max-width: 900px) 100vw, 900px\" \/><\/a><\/p>\n<p>Jorge Javier V\u00e1zquez. Se dice que el presentador est\u00e1 operado de la vista pero que debido a su imagen p\u00fablica en la gran pantalla el equipo de direcci\u00f3n de la cadena le obliga a llevarlas para no perder el im\u00e1n que el showman genera en los espectadores.<\/p>\n<p><a href=\"http:\/\/blog.soloptical.net\/wp-content\/uploads\/2015\/10\/Jorge-Javier-Vazquez.jpg\"><img loading=\"lazy\" class=\"aligncenter wp-image-3556 size-large\" src=\"http:\/\/blog.soloptical.net\/wp-content\/uploads\/2015\/10\/Jorge-Javier-Vazquez-1024x536.jpg\" alt=\"jorge javier vazquez\" width=\"900\" height=\"471\" srcset=\"https:\/\/soloptical.net\/blog\/wp-content\/uploads\/2015\/10\/Jorge-Javier-Vazquez-1024x536.jpg 1024w, https:\/\/soloptical.net\/blog\/wp-content\/uploads\/2015\/10\/Jorge-Javier-Vazquez-300x157.jpg 300w, https:\/\/soloptical.net\/blog\/wp-content\/uploads\/2015\/10\/Jorge-Javier-Vazquez-980x513.jpg 980w, https:\/\/soloptical.net\/blog\/wp-content\/uploads\/2015\/10\/Jorge-Javier-Vazquez-573x300.jpg 573w, https:\/\/soloptical.net\/blog\/wp-content\/uploads\/2015\/10\/Jorge-Javier-Vazquez.jpg 1338w\" sizes=\"(max-width: 900px) 100vw, 900px\" \/><\/a><\/p>\n<p>Ana Morgado. De igual forma, Ana ve perfectamente bien, pero para recrear su personaje humor\u00edstico decidi\u00f3 portar estas gafas tan singulares.<\/p>\n<p><a href=\"http:\/\/blog.soloptical.net\/wp-content\/uploads\/2015\/10\/Ana-Morgade.jpg\"><img loading=\"lazy\" class=\"aligncenter wp-image-3551 size-large\" src=\"http:\/\/blog.soloptical.net\/wp-content\/uploads\/2015\/10\/Ana-Morgade-1024x576.jpg\" alt=\"Ana Morgade\" width=\"900\" height=\"506\" srcset=\"https:\/\/soloptical.net\/blog\/wp-content\/uploads\/2015\/10\/Ana-Morgade-1024x576.jpg 1024w, https:\/\/soloptical.net\/blog\/wp-content\/uploads\/2015\/10\/Ana-Morgade-300x169.jpg 300w, https:\/\/soloptical.net\/blog\/wp-content\/uploads\/2015\/10\/Ana-Morgade-980x551.jpg 980w, https:\/\/soloptical.net\/blog\/wp-content\/uploads\/2015\/10\/Ana-Morgade-573x322.jpg 573w, https:\/\/soloptical.net\/blog\/wp-content\/uploads\/2015\/10\/Ana-Morgade.jpg 1920w\" sizes=\"(max-width: 900px) 100vw, 900px\" \/><\/a><\/p>\n<p>Berto Romero completa este tridente televisivo. El humorista lleva las gafas como complemento para su puesto en escena en los escenarios.<\/p>\n<p><a href=\"http:\/\/blog.soloptical.net\/wp-content\/uploads\/2015\/10\/Berto-Romero.jpg\"><img loading=\"lazy\" class=\"aligncenter wp-image-3552 size-large\" src=\"http:\/\/blog.soloptical.net\/wp-content\/uploads\/2015\/10\/Berto-Romero-1024x717.jpg\" alt=\"Berto Romero\" width=\"900\" height=\"630\" srcset=\"https:\/\/soloptical.net\/blog\/wp-content\/uploads\/2015\/10\/Berto-Romero-1024x717.jpg 1024w, https:\/\/soloptical.net\/blog\/wp-content\/uploads\/2015\/10\/Berto-Romero-300x210.jpg 300w, https:\/\/soloptical.net\/blog\/wp-content\/uploads\/2015\/10\/Berto-Romero-980x687.jpg 980w, https:\/\/soloptical.net\/blog\/wp-content\/uploads\/2015\/10\/Berto-Romero-573x401.jpg 573w, https:\/\/soloptical.net\/blog\/wp-content\/uploads\/2015\/10\/Berto-Romero.jpg 1142w\" sizes=\"(max-width: 900px) 100vw, 900px\" \/><\/a><\/p>\n<p>&nbsp;<\/p>\n<p>Para terminar, Guti, el ex jugador del Real Madrid demuestra una vez m\u00e1s su figura\u00a0como early-adopter.<\/p>\n<p><a href=\"http:\/\/blog.soloptical.net\/wp-content\/uploads\/2015\/10\/Guti-gafas.jpg\"><img loading=\"lazy\" class=\"aligncenter wp-image-3554 size-large\" src=\"http:\/\/blog.soloptical.net\/wp-content\/uploads\/2015\/10\/Guti-gafas-682x1024.jpg\" alt=\"Guti gafas\" width=\"682\" height=\"1024\" srcset=\"https:\/\/soloptical.net\/blog\/wp-content\/uploads\/2015\/10\/Guti-gafas-682x1024.jpg 682w, https:\/\/soloptical.net\/blog\/wp-content\/uploads\/2015\/10\/Guti-gafas-200x300.jpg 200w, https:\/\/soloptical.net\/blog\/wp-content\/uploads\/2015\/10\/Guti-gafas-490x735.jpg 490w, https:\/\/soloptical.net\/blog\/wp-content\/uploads\/2015\/10\/Guti-gafas-287x430.jpg 287w, https:\/\/soloptical.net\/blog\/wp-content\/uploads\/2015\/10\/Guti-gafas.jpg 1200w\" sizes=\"(max-width: 682px) 100vw, 682px\" \/><\/a><\/p>\n","protected":false},"excerpt":{"rendered":"<p>Las modas pasajeras viajan como\u00a0en un tren, y van y vienen\u00a0con maletas llenas de nuevos accesorios y complementos que marcan la tendencia de largas temporadas.\u00a0Existe, desde hace ya un tiempo una moda tan\u00a0particular como\u00a0extravagante, y es la de llevar gafas de vista sin graduar y los famosos se han convertido en los principales valedores \u00a0de&nbsp;<a href=\"https:\/\/soloptical.net\/blog\/famosos-que-llevan-gafas-por-postureo\/\" class=\"read-more\">Continua leyendo<\/a><\/p>\n","protected":false},"author":10,"featured_media":0,"comment_status":"open","ping_status":"open","sticky":false,"template":"","format":"standard","meta":[],"categories":[30,4],"tags":[179,180,178,47,132,122,183,181,177,182,176,74,52],"yoast_head":"<!-- This site is optimized with the Yoast SEO plugin v18.6 - https:\/\/yoast.com\/wordpress\/plugins\/seo\/ -->\n<title>Gafas sin graduar de los famosos<\/title>\n<meta name=\"description\" content=\"La \u00faltima moda entre algunos famosos es la de llevar gafas de vista sin graduar. Cristiano Ronaldo, Justin Bieber, Guti o Johnny Depp son algunos de ellos.\" \/>\n<meta name=\"robots\" content=\"index, follow, max-snippet:-1, max-image-preview:large, max-video-preview:-1\" \/>\n<link rel=\"canonical\" href=\"https:\/\/soloptical.net\/blog\/famosos-que-llevan-gafas-por-postureo\/\" \/>\n<meta property=\"og:locale\" content=\"es_ES\" \/>\n<meta property=\"og:type\" content=\"article\" \/>\n<meta property=\"og:title\" content=\"Gafas sin graduar de los famosos\" \/>\n<meta property=\"og:description\" content=\"La \u00faltima moda entre algunos famosos es la de llevar gafas de vista sin graduar. Cristiano Ronaldo, Justin Bieber, Guti o Johnny Depp son algunos de ellos.\" \/>\n<meta property=\"og:url\" content=\"https:\/\/soloptical.net\/blog\/famosos-que-llevan-gafas-por-postureo\/\" \/>\n<meta property=\"og:site_name\" content=\"Blog a primera vista\" \/>\n<meta property=\"article:published_time\" content=\"2015-10-20T07:23:26+00:00\" \/>\n<meta property=\"article:modified_time\" content=\"2015-10-20T07:16:43+00:00\" \/>\n<meta property=\"og:image\" content=\"http:\/\/blog.soloptical.net\/wp-content\/uploads\/2015\/10\/Johnny-Depp-gafas-1024x640.jpg\" \/>\n<meta name=\"twitter:card\" content=\"summary\" \/>\n<meta name=\"twitter:label1\" content=\"Escrito por\" \/>\n\t<meta name=\"twitter:data1\" content=\"Mario Andrade\" \/>\n\t<meta name=\"twitter:label2\" content=\"Tiempo de lectura\" \/>\n\t<meta name=\"twitter:data2\" content=\"2 minutos\" \/>\n<script type=\"application\/ld+json\" class=\"yoast-schema-graph\">{\"@context\":\"https:\/\/schema.org\",\"@graph\":[{\"@type\":\"WebSite\",\"@id\":\"https:\/\/soloptical.net\/blog\/#website\",\"url\":\"https:\/\/soloptical.net\/blog\/\",\"name\":\"Blog a primera vista\",\"description\":\"by soloptical\",\"potentialAction\":[{\"@type\":\"SearchAction\",\"target\":{\"@type\":\"EntryPoint\",\"urlTemplate\":\"https:\/\/soloptical.net\/blog\/?s={search_term_string}\"},\"query-input\":\"required name=search_term_string\"}],\"inLanguage\":\"es\"},{\"@type\":\"ImageObject\",\"@id\":\"https:\/\/soloptical.net\/blog\/famosos-que-llevan-gafas-por-postureo\/#primaryimage\",\"inLanguage\":\"es\",\"url\":\"http:\/\/blog.soloptical.net\/wp-content\/uploads\/2015\/10\/Johnny-Depp-gafas-1024x640.jpg\",\"contentUrl\":\"http:\/\/blog.soloptical.net\/wp-content\/uploads\/2015\/10\/Johnny-Depp-gafas-1024x640.jpg\"},{\"@type\":\"WebPage\",\"@id\":\"https:\/\/soloptical.net\/blog\/famosos-que-llevan-gafas-por-postureo\/#webpage\",\"url\":\"https:\/\/soloptical.net\/blog\/famosos-que-llevan-gafas-por-postureo\/\",\"name\":\"Gafas sin graduar de los famosos\",\"isPartOf\":{\"@id\":\"https:\/\/soloptical.net\/blog\/#website\"},\"primaryImageOfPage\":{\"@id\":\"https:\/\/soloptical.net\/blog\/famosos-que-llevan-gafas-por-postureo\/#primaryimage\"},\"datePublished\":\"2015-10-20T07:23:26+00:00\",\"dateModified\":\"2015-10-20T07:16:43+00:00\",\"author\":{\"@id\":\"https:\/\/soloptical.net\/blog\/#\/schema\/person\/ff9996614428adaccc3f660afa419f7c\"},\"description\":\"La \u00faltima moda entre algunos famosos es la de llevar gafas de vista sin graduar. Cristiano Ronaldo, Justin Bieber, Guti o Johnny Depp son algunos de ellos.\",\"breadcrumb\":{\"@id\":\"https:\/\/soloptical.net\/blog\/famosos-que-llevan-gafas-por-postureo\/#breadcrumb\"},\"inLanguage\":\"es\",\"potentialAction\":[{\"@type\":\"ReadAction\",\"target\":[\"https:\/\/soloptical.net\/blog\/famosos-que-llevan-gafas-por-postureo\/\"]}]},{\"@type\":\"BreadcrumbList\",\"@id\":\"https:\/\/soloptical.net\/blog\/famosos-que-llevan-gafas-por-postureo\/#breadcrumb\",\"itemListElement\":[{\"@type\":\"ListItem\",\"position\":1,\"name\":\"Portada\",\"item\":\"https:\/\/soloptical.net\/blog\/\"},{\"@type\":\"ListItem\",\"position\":2,\"name\":\"Famosos que llevan gafas por postureo\"}]},{\"@type\":\"Person\",\"@id\":\"https:\/\/soloptical.net\/blog\/#\/schema\/person\/ff9996614428adaccc3f660afa419f7c\",\"name\":\"Mario Andrade\",\"image\":{\"@type\":\"ImageObject\",\"@id\":\"https:\/\/soloptical.net\/blog\/#personlogo\",\"inLanguage\":\"es\",\"url\":\"https:\/\/secure.gravatar.com\/avatar\/bd6aca70d99c4eb6eb996fb36630b1d3?s=96&d=mm&r=g\",\"contentUrl\":\"https:\/\/secure.gravatar.com\/avatar\/bd6aca70d99c4eb6eb996fb36630b1d3?s=96&d=mm&r=g\",\"caption\":\"Mario Andrade\"},\"sameAs\":[\"http:\/\/www.soloptical.com\"],\"url\":\"https:\/\/soloptical.net\/blog\/author\/mario\/\"}]}<\/script>\n<!-- \/ Yoast SEO plugin. -->","yoast_head_json":{"title":"Gafas sin graduar de los famosos","description":"La \u00faltima moda entre algunos famosos es la de llevar gafas de vista sin graduar. Cristiano Ronaldo, Justin Bieber, Guti o Johnny Depp son algunos de ellos.","robots":{"index":"index","follow":"follow","max-snippet":"max-snippet:-1","max-image-preview":"max-image-preview:large","max-video-preview":"max-video-preview:-1"},"canonical":"https:\/\/soloptical.net\/blog\/famosos-que-llevan-gafas-por-postureo\/","og_locale":"es_ES","og_type":"article","og_title":"Gafas sin graduar de los famosos","og_description":"La \u00faltima moda entre algunos famosos es la de llevar gafas de vista sin graduar. Cristiano Ronaldo, Justin Bieber, Guti o Johnny Depp son algunos de ellos.","og_url":"https:\/\/soloptical.net\/blog\/famosos-que-llevan-gafas-por-postureo\/","og_site_name":"Blog a primera vista","article_published_time":"2015-10-20T07:23:26+00:00","article_modified_time":"2015-10-20T07:16:43+00:00","og_image":[{"url":"http:\/\/blog.soloptical.net\/wp-content\/uploads\/2015\/10\/Johnny-Depp-gafas-1024x640.jpg"}],"twitter_card":"summary","twitter_misc":{"Escrito por":"Mario Andrade","Tiempo de lectura":"2 minutos"},"schema":{"@context":"https:\/\/schema.org","@graph":[{"@type":"WebSite","@id":"https:\/\/soloptical.net\/blog\/#website","url":"https:\/\/soloptical.net\/blog\/","name":"Blog a primera vista","description":"by soloptical","potentialAction":[{"@type":"SearchAction","target":{"@type":"EntryPoint","urlTemplate":"https:\/\/soloptical.net\/blog\/?s={search_term_string}"},"query-input":"required name=search_term_string"}],"inLanguage":"es"},{"@type":"ImageObject","@id":"https:\/\/soloptical.net\/blog\/famosos-que-llevan-gafas-por-postureo\/#primaryimage","inLanguage":"es","url":"http:\/\/blog.soloptical.net\/wp-content\/uploads\/2015\/10\/Johnny-Depp-gafas-1024x640.jpg","contentUrl":"http:\/\/blog.soloptical.net\/wp-content\/uploads\/2015\/10\/Johnny-Depp-gafas-1024x640.jpg"},{"@type":"WebPage","@id":"https:\/\/soloptical.net\/blog\/famosos-que-llevan-gafas-por-postureo\/#webpage","url":"https:\/\/soloptical.net\/blog\/famosos-que-llevan-gafas-por-postureo\/","name":"Gafas sin graduar de los famosos","isPartOf":{"@id":"https:\/\/soloptical.net\/blog\/#website"},"primaryImageOfPage":{"@id":"https:\/\/soloptical.net\/blog\/famosos-que-llevan-gafas-por-postureo\/#primaryimage"},"datePublished":"2015-10-20T07:23:26+00:00","dateModified":"2015-10-20T07:16:43+00:00","author":{"@id":"https:\/\/soloptical.net\/blog\/#\/schema\/person\/ff9996614428adaccc3f660afa419f7c"},"description":"La \u00faltima moda entre algunos famosos es la de llevar gafas de vista sin graduar. Cristiano Ronaldo, Justin Bieber, Guti o Johnny Depp son algunos de ellos.","breadcrumb":{"@id":"https:\/\/soloptical.net\/blog\/famosos-que-llevan-gafas-por-postureo\/#breadcrumb"},"inLanguage":"es","potentialAction":[{"@type":"ReadAction","target":["https:\/\/soloptical.net\/blog\/famosos-que-llevan-gafas-por-postureo\/"]}]},{"@type":"BreadcrumbList","@id":"https:\/\/soloptical.net\/blog\/famosos-que-llevan-gafas-por-postureo\/#breadcrumb","itemListElement":[{"@type":"ListItem","position":1,"name":"Portada","item":"https:\/\/soloptical.net\/blog\/"},{"@type":"ListItem","position":2,"name":"Famosos que llevan gafas por postureo"}]},{"@type":"Person","@id":"https:\/\/soloptical.net\/blog\/#\/schema\/person\/ff9996614428adaccc3f660afa419f7c","name":"Mario Andrade","image":{"@type":"ImageObject","@id":"https:\/\/soloptical.net\/blog\/#personlogo","inLanguage":"es","url":"https:\/\/secure.gravatar.com\/avatar\/bd6aca70d99c4eb6eb996fb36630b1d3?s=96&d=mm&r=g","contentUrl":"https:\/\/secure.gravatar.com\/avatar\/bd6aca70d99c4eb6eb996fb36630b1d3?s=96&d=mm&r=g","caption":"Mario Andrade"},"sameAs":["http:\/\/www.soloptical.com"],"url":"https:\/\/soloptical.net\/blog\/author\/mario\/"}]}},"_links":{"self":[{"href":"https:\/\/soloptical.net\/blog\/wp-json\/wp\/v2\/posts\/3549"}],"collection":[{"href":"https:\/\/soloptical.net\/blog\/wp-json\/wp\/v2\/posts"}],"about":[{"href":"https:\/\/soloptical.net\/blog\/wp-json\/wp\/v2\/types\/post"}],"author":[{"embeddable":true,"href":"https:\/\/soloptical.net\/blog\/wp-json\/wp\/v2\/users\/10"}],"replies":[{"embeddable":true,"href":"https:\/\/soloptical.net\/blog\/wp-json\/wp\/v2\/comments?post=3549"}],"version-history":[{"count":8,"href":"https:\/\/soloptical.net\/blog\/wp-json\/wp\/v2\/posts\/3549\/revisions"}],"predecessor-version":[{"id":3565,"href":"https:\/\/soloptical.net\/blog\/wp-json\/wp\/v2\/posts\/3549\/revisions\/3565"}],"wp:attachment":[{"href":"https:\/\/soloptical.net\/blog\/wp-json\/wp\/v2\/media?parent=3549"}],"wp:term":[{"taxonomy":"category","embeddable":true,"href":"https:\/\/soloptical.net\/blog\/wp-json\/wp\/v2\/categories?post=3549"},{"taxonomy":"post_tag","embeddable":true,"href":"https:\/\/soloptical.net\/blog\/wp-json\/wp\/v2\/tags?post=3549"}],"curies":[{"name":"wp","href":"https:\/\/api.w.org\/{rel}","templated":true}]}}