{"id":4789,"date":"2018-04-21T12:00:21","date_gmt":"2018-04-21T10:00:21","guid":{"rendered":"http:\/\/blog.soloptical.net\/?p=4789"},"modified":"2018-04-26T15:46:31","modified_gmt":"2018-04-26T13:46:31","slug":"que-gafas-usan-ls-influencers-en-los-festivales","status":"publish","type":"post","link":"https:\/\/soloptical.net\/blog\/que-gafas-usan-ls-influencers-en-los-festivales\/","title":{"rendered":"\u00bfQu\u00e9 gafas usan l@s influencers en los festivales?"},"content":{"rendered":"<p style=\"text-align: justify;\">Este fin de semana se ha celebrado uno de los Festivales m\u00e1s de moda, \u00a1Coachella! Si te encanta el mundo de los influencers y quieres saber que gafas son sus favoritas en los festivales \u00a1este es tu post!<\/p>\n<p style=\"text-align: justify;\"><span style=\"color: #000000;\">Hoy te traemos el estilo<\/span><span style=\"color: #000000;\"> de gafas que utilizan nuestras influencers preferidas:<\/span><\/p>\n<p style=\"text-align: justify;\"><span style=\"color: #000000;\"><span style=\"color: #333399;\"><strong>Dulceida<\/strong>:<\/span> \u00a1Esta chica siempre va a la \u00faltima moda! utiliza gran variedad de gafas de sol: \u00a1no pone pegas de forma ni de estilo! Una de las gafas de sol con la que la hemos visto m\u00e1s veces posar junto a su mujer Alba son las RayBan 3447, las cl\u00e1sicas Rayban met\u00e1licas redondas con cristales grises como de los 80 que est\u00e1n tan de moda. Una alternativa a esta gafa m\u00e1s econ\u00f3mica son las VENUS <a style=\"color: #000000;\" href=\"https:\/\/soloptical.net\/online\/venus\/239-venus-703-340-43-70334043.html\">703-340-43<\/a> o NIA NIA <a style=\"color: #000000;\" href=\"https:\/\/soloptical.net\/online\/niania\/232-nia-nia-702-497-19-70249719.html\">\u00a0702-497-19<\/a> de marca propia de Soloptical.<\/span><\/p>\n<p style=\"text-align: justify;\"><span style=\"color: #000000;\"><img loading=\"lazy\" class=\"alignright wp-image-4790 size-medium\" src=\"http:\/\/blog.soloptical.net\/wp-content\/uploads\/2018\/04\/albayaida-300x226.jpg\" alt=\"albayaida\" width=\"300\" height=\"226\" srcset=\"https:\/\/soloptical.net\/blog\/wp-content\/uploads\/2018\/04\/albayaida-300x226.jpg 300w, https:\/\/soloptical.net\/blog\/wp-content\/uploads\/2018\/04\/albayaida-573x430.jpg 573w, https:\/\/soloptical.net\/blog\/wp-content\/uploads\/2018\/04\/albayaida.jpg 657w\" sizes=\"(max-width: 300px) 100vw, 300px\" \/><\/span><\/p>\n<p style=\"text-align: justify;\"><span style=\"color: #000000;\">Pero tambi\u00e9n se atreve con gafas de pasta con puente. La marca VENUS de Soloptical tambi\u00e9n tiene una colecci\u00f3n de este estilo como por ejemplo la <a style=\"color: #000000;\" href=\"https:\/\/soloptical.net\/online\/venus\/240-venus-703-340-44-70334044.html\">VENUS 703-340-44<\/a><\/span><\/p>\n<p style=\"text-align: justify;\"><a href=\"http:\/\/blog.soloptical.net\/wp-content\/uploads\/2018\/04\/dulceida-vuelve-al-trabajo-muy-bien-acompanada_ampliacion.jpg\"><img loading=\"lazy\" class=\"aligncenter wp-image-4791 size-medium\" src=\"http:\/\/blog.soloptical.net\/wp-content\/uploads\/2018\/04\/dulceida-vuelve-al-trabajo-muy-bien-acompanada_ampliacion-300x300.jpg\" alt=\"dulceida-vuelve-al-trabajo-muy-bien-acompanada_ampliacion\" width=\"300\" height=\"300\" srcset=\"https:\/\/soloptical.net\/blog\/wp-content\/uploads\/2018\/04\/dulceida-vuelve-al-trabajo-muy-bien-acompanada_ampliacion-300x300.jpg 300w, https:\/\/soloptical.net\/blog\/wp-content\/uploads\/2018\/04\/dulceida-vuelve-al-trabajo-muy-bien-acompanada_ampliacion-150x150.jpg 150w, https:\/\/soloptical.net\/blog\/wp-content\/uploads\/2018\/04\/dulceida-vuelve-al-trabajo-muy-bien-acompanada_ampliacion-735x735.jpg 735w, https:\/\/soloptical.net\/blog\/wp-content\/uploads\/2018\/04\/dulceida-vuelve-al-trabajo-muy-bien-acompanada_ampliacion-430x430.jpg 430w, https:\/\/soloptical.net\/blog\/wp-content\/uploads\/2018\/04\/dulceida-vuelve-al-trabajo-muy-bien-acompanada_ampliacion-80x80.jpg 80w, https:\/\/soloptical.net\/blog\/wp-content\/uploads\/2018\/04\/dulceida-vuelve-al-trabajo-muy-bien-acompanada_ampliacion.jpg 800w\" sizes=\"(max-width: 300px) 100vw, 300px\" \/><\/a><\/p>\n<p style=\"text-align: justify;\"><span style=\"color: #000000;\"><span style=\"color: #333399;\"><strong>Gigi Vives:<\/strong><\/span> Como hemos visto en todas las gafas que utiliza le gusta la originalidad. La podemos ver en esta foto con unas gafas redondas de metal y espejo de colores varios. Si te gusta este estilo de gafas met\u00e1licas y de espejo de colores puedes optar por las <a style=\"color: #000000;\" href=\"https:\/\/soloptical.net\/online\/sxt\/274-gafasdesol-sxt-70849742-70849742.html\">SXT (SXT 70849742<\/a>, <a style=\"color: #000000;\" href=\"https:\/\/soloptical.net\/online\/sxt\/272-gafasdesol-sxt-70849740-70849740.html\">SXT 70849740<\/a>, <a style=\"color: #000000;\" href=\"https:\/\/soloptical.net\/online\/sxt\/271-gafasdesol-sxt-modelo-70849739.html\">SXT 70849739<\/a>) disponibles en varios colores.<\/span><\/p>\n<p style=\"text-align: justify;\"><a href=\"http:\/\/blog.soloptical.net\/wp-content\/uploads\/2018\/04\/11015497_358788097646956_1928825372_n.jpg\"><img loading=\"lazy\" class=\"aligncenter wp-image-4794 size-full\" src=\"http:\/\/blog.soloptical.net\/wp-content\/uploads\/2018\/04\/11015497_358788097646956_1928825372_n.jpg\" alt=\"11015497_358788097646956_1928825372_n\" width=\"300\" height=\"300\" srcset=\"https:\/\/soloptical.net\/blog\/wp-content\/uploads\/2018\/04\/11015497_358788097646956_1928825372_n.jpg 300w, https:\/\/soloptical.net\/blog\/wp-content\/uploads\/2018\/04\/11015497_358788097646956_1928825372_n-150x150.jpg 150w, https:\/\/soloptical.net\/blog\/wp-content\/uploads\/2018\/04\/11015497_358788097646956_1928825372_n-80x80.jpg 80w\" sizes=\"(max-width: 300px) 100vw, 300px\" \/><\/a><\/p>\n<p style=\"text-align: justify;\"><span style=\"color: #000000;\"><span style=\"color: #333399;\"><strong>Laura Escanes:<\/strong> <\/span>Esta chica tambi\u00e9n se atreve con gran variedad de gafas de todos los colores y tama\u00f1os. Las combina seg\u00fan su outfit. Una de las gafas con las que se ha fotografiado recientemente son con estas DOLCE&amp;GABANNA 2155, unas grandes gafas redondas met\u00e1licas en doradas y cristales marrones. La alternativa m\u00e1s econ\u00f3mica de nuestra marca son las <a style=\"color: #000000;\" href=\"https:\/\/soloptical.net\/online\/venus-mujer\/450-venus-70949712-8412842145306.html\">VENUS 70949712<\/a><\/span><\/p>\n<p style=\"text-align: justify;\"><a href=\"http:\/\/blog.soloptical.net\/wp-content\/uploads\/2018\/04\/9d6eecbb5acf2b44525fe83911b9e2b0.jpg\"><img loading=\"lazy\" class=\"aligncenter wp-image-4795 size-medium\" src=\"http:\/\/blog.soloptical.net\/wp-content\/uploads\/2018\/04\/9d6eecbb5acf2b44525fe83911b9e2b0-300x300.jpg\" alt=\"9d6eecbb5acf2b44525fe83911b9e2b0\" width=\"300\" height=\"300\" srcset=\"https:\/\/soloptical.net\/blog\/wp-content\/uploads\/2018\/04\/9d6eecbb5acf2b44525fe83911b9e2b0-300x300.jpg 300w, https:\/\/soloptical.net\/blog\/wp-content\/uploads\/2018\/04\/9d6eecbb5acf2b44525fe83911b9e2b0-150x150.jpg 150w, https:\/\/soloptical.net\/blog\/wp-content\/uploads\/2018\/04\/9d6eecbb5acf2b44525fe83911b9e2b0-430x430.jpg 430w, https:\/\/soloptical.net\/blog\/wp-content\/uploads\/2018\/04\/9d6eecbb5acf2b44525fe83911b9e2b0-80x80.jpg 80w, https:\/\/soloptical.net\/blog\/wp-content\/uploads\/2018\/04\/9d6eecbb5acf2b44525fe83911b9e2b0.jpg 640w\" sizes=\"(max-width: 300px) 100vw, 300px\" \/><\/a><\/p>\n<p style=\"text-align: justify;\"><span style=\"color: #000080;\"><strong>Lovely Pepa<\/strong><\/span>:\u00a0Alexandra Pereira, o m\u00e1s conocida como Lovely Pepa se atreve con gran variedad de estilos: luce numerosas gafas de formas y colores muy diferentes. Aqu\u00ed la podemos ver con un look muy festivalero y veraniego, luciendo las gafas estilo Ray Ban ClubMaster, que tambi\u00e9n puedes encontrar de marca de Soloptical a un precio m\u00e1s econ\u00f3mico.<\/p>\n<p style=\"text-align: justify;\"><a href=\"http:\/\/blog.soloptical.net\/wp-content\/uploads\/2018\/04\/28852067605_17dbbfca53_o-400x242.jpg\"><img loading=\"lazy\" class=\"aligncenter wp-image-4938 size-full\" src=\"http:\/\/blog.soloptical.net\/wp-content\/uploads\/2018\/04\/28852067605_17dbbfca53_o-400x242.jpg\" alt=\"28852067605_17dbbfca53_o-400x242\" width=\"400\" height=\"242\" srcset=\"https:\/\/soloptical.net\/blog\/wp-content\/uploads\/2018\/04\/28852067605_17dbbfca53_o-400x242.jpg 400w, https:\/\/soloptical.net\/blog\/wp-content\/uploads\/2018\/04\/28852067605_17dbbfca53_o-400x242-300x182.jpg 300w\" sizes=\"(max-width: 400px) 100vw, 400px\" \/><\/a><strong><a href=\"http:\/\/blog.soloptical.net\/wp-content\/uploads\/2018\/04\/9249850357_784181240a_o.jpg\"><img loading=\"lazy\" class=\"aligncenter wp-image-4939\" src=\"http:\/\/blog.soloptical.net\/wp-content\/uploads\/2018\/04\/9249850357_784181240a_o.jpg\" alt=\"9249850357_784181240a_o\" width=\"400\" height=\"267\" srcset=\"https:\/\/soloptical.net\/blog\/wp-content\/uploads\/2018\/04\/9249850357_784181240a_o.jpg 700w, https:\/\/soloptical.net\/blog\/wp-content\/uploads\/2018\/04\/9249850357_784181240a_o-300x200.jpg 300w, https:\/\/soloptical.net\/blog\/wp-content\/uploads\/2018\/04\/9249850357_784181240a_o-573x382.jpg 573w\" sizes=\"(max-width: 400px) 100vw, 400px\" \/><\/a><br \/>\n<\/strong><\/p>\n<p style=\"text-align: justify;\"><span style=\"color: #000080;\"><strong>Valentina Marzullo<\/strong><\/span>: esta influencer italina nos mostraba hace muy poco en sus redes sociales las gafas que escoger\u00eda para ir al Coachella\u00a02018\u00a0Aqu\u00ed la vemos con unas gafas de cristales amarillos transl\u00facidos, que ahora est\u00e1n muy de moda. Puedes encontrar gafas con estos cristales de la marca Ray Ban o Vogue, o si prefieres una opci\u00f3n m\u00e1s econ\u00f3mica de la marca de Soloptical.<\/p>\n<p style=\"text-align: justify;\"><a href=\"http:\/\/blog.soloptical.net\/wp-content\/uploads\/2018\/04\/valentinaa.png\"><img loading=\"lazy\" class=\"aligncenter wp-image-4942 size-medium\" src=\"http:\/\/blog.soloptical.net\/wp-content\/uploads\/2018\/04\/valentinaa-300x181.png\" alt=\"valentinaa\" width=\"300\" height=\"181\" srcset=\"https:\/\/soloptical.net\/blog\/wp-content\/uploads\/2018\/04\/valentinaa-300x181.png 300w, https:\/\/soloptical.net\/blog\/wp-content\/uploads\/2018\/04\/valentinaa.png 446w\" sizes=\"(max-width: 300px) 100vw, 300px\" \/><\/a><a href=\"http:\/\/blog.soloptical.net\/wp-content\/uploads\/2018\/04\/valentina.png\"><img loading=\"lazy\" class=\"aligncenter wp-image-4943 size-medium\" src=\"http:\/\/blog.soloptical.net\/wp-content\/uploads\/2018\/04\/valentina-300x224.png\" alt=\"valentina\" width=\"300\" height=\"224\" srcset=\"https:\/\/soloptical.net\/blog\/wp-content\/uploads\/2018\/04\/valentina-300x224.png 300w, https:\/\/soloptical.net\/blog\/wp-content\/uploads\/2018\/04\/valentina.png 444w\" sizes=\"(max-width: 300px) 100vw, 300px\" \/><\/a><\/p>\n<p><span style=\"color: #000080;\"><strong>\u00a0\u00c1lex Domenech<\/strong><\/span>: El hermano de Dulceida elige las <span style=\"color: #000000;\"><a style=\"color: #000000;\" href=\"https:\/\/www.eclipsun.com\/es\/ray-ban-rb3548n-51-001-gold.html\">RB3548N<\/a>\u00a0<\/span> en todos sus festivales. Se tratan de las nuevas gafas de RayBan de metal con forma hexagonal y lentes grises. Una alternativa m\u00e1s econ\u00f3mica son las VENUS 703-340-42 tambi\u00e9n hexagonales y con cristal en varios colores.\u00a0\u00a1Esta es una gafa para un look festivalero 100%!<\/p>\n<p><img loading=\"lazy\" class=\"aligncenter wp-image-4792 size-medium\" src=\"http:\/\/blog.soloptical.net\/wp-content\/uploads\/2018\/04\/alexdomenec-262x300.jpg\" alt=\"alexdomenec\" width=\"262\" height=\"300\" srcset=\"https:\/\/soloptical.net\/blog\/wp-content\/uploads\/2018\/04\/alexdomenec-262x300.jpg 262w, https:\/\/soloptical.net\/blog\/wp-content\/uploads\/2018\/04\/alexdomenec-376x430.jpg 376w, https:\/\/soloptical.net\/blog\/wp-content\/uploads\/2018\/04\/alexdomenec.jpg 518w\" sizes=\"(max-width: 262px) 100vw, 262px\" \/><\/p>\n<p><span style=\"color: #000080;\"><strong>Lucas Loren<\/strong><\/span>: uno de los mejores amigos de Dulceida y Gigi Vibes. Aqu\u00ed lo vemos un un festival con las Polaroid <span style=\"color: #000000;\">\u00a0<a style=\"color: #000000;\" href=\"https:\/\/www.eclipsun.com\/es\/polaroid-pld-2053s-kj1-dk-ruthen-uc-green-pz.html\">PLD2053<\/a>, una gafa muy discreta con montura met\u00e1lica. Estas gafas las suelen utilizar en festivales por ser de material duro y aguantar varios golpes. Muy parecida a la que lleva Dulceida. Una alternativa es la <a style=\"color: #000000;\" href=\"https:\/\/soloptical.net\/online\/sxt\/192-sx-702-497-25-70249725.html\">SXT-702-497-25<\/a> O <a style=\"color: #000000;\" href=\"https:\/\/soloptical.net\/online\/venus\/239-venus-703-340-43-70334043.html\">VENUS 703-340-43<\/a>.<\/span><img loading=\"lazy\" class=\"aligncenter wp-image-4793 size-medium\" src=\"http:\/\/blog.soloptical.net\/wp-content\/uploads\/2018\/04\/yilu-241x300.jpg\" alt=\"yilu\" width=\"241\" height=\"300\" srcset=\"https:\/\/soloptical.net\/blog\/wp-content\/uploads\/2018\/04\/yilu-241x300.jpg 241w, https:\/\/soloptical.net\/blog\/wp-content\/uploads\/2018\/04\/yilu-345x430.jpg 345w, https:\/\/soloptical.net\/blog\/wp-content\/uploads\/2018\/04\/yilu.jpg 480w\" sizes=\"(max-width: 241px) 100vw, 241px\" \/><\/p>\n<p style=\"text-align: justify;\">\u00a1Esperamos que este post os haya gustado!<\/p>\n","protected":false},"excerpt":{"rendered":"<p>Este fin de semana se ha celebrado uno de los Festivales m\u00e1s de moda, \u00a1Coachella! Si te encanta el mundo de los influencers y quieres saber que gafas son sus favoritas en los festivales \u00a1este es tu post! Hoy te traemos el estilo de gafas que utilizan nuestras influencers preferidas: Dulceida: \u00a1Esta chica siempre va&nbsp;<a href=\"https:\/\/soloptical.net\/blog\/que-gafas-usan-ls-influencers-en-los-festivales\/\" class=\"read-more\">Continua leyendo<\/a><\/p>\n","protected":false},"author":10,"featured_media":0,"comment_status":"open","ping_status":"open","sticky":false,"template":"","format":"standard","meta":[],"categories":[30,265,2,4],"tags":[340,102,336,335,47,48,337,334,339,338,52,72],"yoast_head":"<!-- This site is optimized with the Yoast SEO plugin v18.6 - https:\/\/yoast.com\/wordpress\/plugins\/seo\/ -->\n<title>\u00bfQu\u00e9 gafas usan l@s influencers en los festivales? - Blog a primera vista<\/title>\n<meta name=\"description\" content=\"Si te gusta el gran mundo de l@s infuencers aqu\u00ed te traemos las gafas de sol que usan l@s influencers del momento, \u00a1siempre a la \u00faltima moda!\" \/>\n<meta name=\"robots\" content=\"index, follow, max-snippet:-1, max-image-preview:large, max-video-preview:-1\" \/>\n<link rel=\"canonical\" href=\"https:\/\/soloptical.net\/blog\/que-gafas-usan-ls-influencers-en-los-festivales\/\" \/>\n<meta property=\"og:locale\" content=\"es_ES\" \/>\n<meta property=\"og:type\" content=\"article\" \/>\n<meta property=\"og:title\" content=\"\u00bfQu\u00e9 gafas usan l@s influencers en los festivales? - Blog a primera vista\" \/>\n<meta property=\"og:description\" content=\"Si te gusta el gran mundo de l@s infuencers aqu\u00ed te traemos las gafas de sol que usan l@s influencers del momento, \u00a1siempre a la \u00faltima moda!\" \/>\n<meta property=\"og:url\" content=\"https:\/\/soloptical.net\/blog\/que-gafas-usan-ls-influencers-en-los-festivales\/\" \/>\n<meta property=\"og:site_name\" content=\"Blog a primera vista\" \/>\n<meta property=\"article:published_time\" content=\"2018-04-21T10:00:21+00:00\" \/>\n<meta property=\"article:modified_time\" content=\"2018-04-26T13:46:31+00:00\" \/>\n<meta property=\"og:image\" content=\"http:\/\/blog.soloptical.net\/wp-content\/uploads\/2018\/04\/albayaida-300x226.jpg\" \/>\n<meta name=\"twitter:card\" content=\"summary\" \/>\n<meta name=\"twitter:label1\" content=\"Escrito por\" \/>\n\t<meta name=\"twitter:data1\" content=\"Mario Andrade\" \/>\n\t<meta name=\"twitter:label2\" content=\"Tiempo de lectura\" \/>\n\t<meta name=\"twitter:data2\" content=\"3 minutos\" \/>\n<script type=\"application\/ld+json\" class=\"yoast-schema-graph\">{\"@context\":\"https:\/\/schema.org\",\"@graph\":[{\"@type\":\"WebSite\",\"@id\":\"https:\/\/soloptical.net\/blog\/#website\",\"url\":\"https:\/\/soloptical.net\/blog\/\",\"name\":\"Blog a primera vista\",\"description\":\"by soloptical\",\"potentialAction\":[{\"@type\":\"SearchAction\",\"target\":{\"@type\":\"EntryPoint\",\"urlTemplate\":\"https:\/\/soloptical.net\/blog\/?s={search_term_string}\"},\"query-input\":\"required name=search_term_string\"}],\"inLanguage\":\"es\"},{\"@type\":\"ImageObject\",\"@id\":\"https:\/\/soloptical.net\/blog\/que-gafas-usan-ls-influencers-en-los-festivales\/#primaryimage\",\"inLanguage\":\"es\",\"url\":\"http:\/\/blog.soloptical.net\/wp-content\/uploads\/2018\/04\/albayaida-300x226.jpg\",\"contentUrl\":\"http:\/\/blog.soloptical.net\/wp-content\/uploads\/2018\/04\/albayaida-300x226.jpg\"},{\"@type\":\"WebPage\",\"@id\":\"https:\/\/soloptical.net\/blog\/que-gafas-usan-ls-influencers-en-los-festivales\/#webpage\",\"url\":\"https:\/\/soloptical.net\/blog\/que-gafas-usan-ls-influencers-en-los-festivales\/\",\"name\":\"\u00bfQu\u00e9 gafas usan l@s influencers en los festivales? - Blog a primera vista\",\"isPartOf\":{\"@id\":\"https:\/\/soloptical.net\/blog\/#website\"},\"primaryImageOfPage\":{\"@id\":\"https:\/\/soloptical.net\/blog\/que-gafas-usan-ls-influencers-en-los-festivales\/#primaryimage\"},\"datePublished\":\"2018-04-21T10:00:21+00:00\",\"dateModified\":\"2018-04-26T13:46:31+00:00\",\"author\":{\"@id\":\"https:\/\/soloptical.net\/blog\/#\/schema\/person\/ff9996614428adaccc3f660afa419f7c\"},\"description\":\"Si te gusta el gran mundo de l@s infuencers aqu\u00ed te traemos las gafas de sol que usan l@s influencers del momento, \u00a1siempre a la \u00faltima moda!\",\"breadcrumb\":{\"@id\":\"https:\/\/soloptical.net\/blog\/que-gafas-usan-ls-influencers-en-los-festivales\/#breadcrumb\"},\"inLanguage\":\"es\",\"potentialAction\":[{\"@type\":\"ReadAction\",\"target\":[\"https:\/\/soloptical.net\/blog\/que-gafas-usan-ls-influencers-en-los-festivales\/\"]}]},{\"@type\":\"BreadcrumbList\",\"@id\":\"https:\/\/soloptical.net\/blog\/que-gafas-usan-ls-influencers-en-los-festivales\/#breadcrumb\",\"itemListElement\":[{\"@type\":\"ListItem\",\"position\":1,\"name\":\"Portada\",\"item\":\"https:\/\/soloptical.net\/blog\/\"},{\"@type\":\"ListItem\",\"position\":2,\"name\":\"\u00bfQu\u00e9 gafas usan l@s influencers en los festivales?\"}]},{\"@type\":\"Person\",\"@id\":\"https:\/\/soloptical.net\/blog\/#\/schema\/person\/ff9996614428adaccc3f660afa419f7c\",\"name\":\"Mario Andrade\",\"image\":{\"@type\":\"ImageObject\",\"@id\":\"https:\/\/soloptical.net\/blog\/#personlogo\",\"inLanguage\":\"es\",\"url\":\"https:\/\/secure.gravatar.com\/avatar\/bd6aca70d99c4eb6eb996fb36630b1d3?s=96&d=mm&r=g\",\"contentUrl\":\"https:\/\/secure.gravatar.com\/avatar\/bd6aca70d99c4eb6eb996fb36630b1d3?s=96&d=mm&r=g\",\"caption\":\"Mario Andrade\"},\"sameAs\":[\"http:\/\/www.soloptical.com\"],\"url\":\"https:\/\/soloptical.net\/blog\/author\/mario\/\"}]}<\/script>\n<!-- \/ Yoast SEO plugin. -->","yoast_head_json":{"title":"\u00bfQu\u00e9 gafas usan l@s influencers en los festivales? - Blog a primera vista","description":"Si te gusta el gran mundo de l@s infuencers aqu\u00ed te traemos las gafas de sol que usan l@s influencers del momento, \u00a1siempre a la \u00faltima moda!","robots":{"index":"index","follow":"follow","max-snippet":"max-snippet:-1","max-image-preview":"max-image-preview:large","max-video-preview":"max-video-preview:-1"},"canonical":"https:\/\/soloptical.net\/blog\/que-gafas-usan-ls-influencers-en-los-festivales\/","og_locale":"es_ES","og_type":"article","og_title":"\u00bfQu\u00e9 gafas usan l@s influencers en los festivales? - Blog a primera vista","og_description":"Si te gusta el gran mundo de l@s infuencers aqu\u00ed te traemos las gafas de sol que usan l@s influencers del momento, \u00a1siempre a la \u00faltima moda!","og_url":"https:\/\/soloptical.net\/blog\/que-gafas-usan-ls-influencers-en-los-festivales\/","og_site_name":"Blog a primera vista","article_published_time":"2018-04-21T10:00:21+00:00","article_modified_time":"2018-04-26T13:46:31+00:00","og_image":[{"url":"http:\/\/blog.soloptical.net\/wp-content\/uploads\/2018\/04\/albayaida-300x226.jpg"}],"twitter_card":"summary","twitter_misc":{"Escrito por":"Mario Andrade","Tiempo de lectura":"3 minutos"},"schema":{"@context":"https:\/\/schema.org","@graph":[{"@type":"WebSite","@id":"https:\/\/soloptical.net\/blog\/#website","url":"https:\/\/soloptical.net\/blog\/","name":"Blog a primera vista","description":"by soloptical","potentialAction":[{"@type":"SearchAction","target":{"@type":"EntryPoint","urlTemplate":"https:\/\/soloptical.net\/blog\/?s={search_term_string}"},"query-input":"required name=search_term_string"}],"inLanguage":"es"},{"@type":"ImageObject","@id":"https:\/\/soloptical.net\/blog\/que-gafas-usan-ls-influencers-en-los-festivales\/#primaryimage","inLanguage":"es","url":"http:\/\/blog.soloptical.net\/wp-content\/uploads\/2018\/04\/albayaida-300x226.jpg","contentUrl":"http:\/\/blog.soloptical.net\/wp-content\/uploads\/2018\/04\/albayaida-300x226.jpg"},{"@type":"WebPage","@id":"https:\/\/soloptical.net\/blog\/que-gafas-usan-ls-influencers-en-los-festivales\/#webpage","url":"https:\/\/soloptical.net\/blog\/que-gafas-usan-ls-influencers-en-los-festivales\/","name":"\u00bfQu\u00e9 gafas usan l@s influencers en los festivales? - Blog a primera vista","isPartOf":{"@id":"https:\/\/soloptical.net\/blog\/#website"},"primaryImageOfPage":{"@id":"https:\/\/soloptical.net\/blog\/que-gafas-usan-ls-influencers-en-los-festivales\/#primaryimage"},"datePublished":"2018-04-21T10:00:21+00:00","dateModified":"2018-04-26T13:46:31+00:00","author":{"@id":"https:\/\/soloptical.net\/blog\/#\/schema\/person\/ff9996614428adaccc3f660afa419f7c"},"description":"Si te gusta el gran mundo de l@s infuencers aqu\u00ed te traemos las gafas de sol que usan l@s influencers del momento, \u00a1siempre a la \u00faltima moda!","breadcrumb":{"@id":"https:\/\/soloptical.net\/blog\/que-gafas-usan-ls-influencers-en-los-festivales\/#breadcrumb"},"inLanguage":"es","potentialAction":[{"@type":"ReadAction","target":["https:\/\/soloptical.net\/blog\/que-gafas-usan-ls-influencers-en-los-festivales\/"]}]},{"@type":"BreadcrumbList","@id":"https:\/\/soloptical.net\/blog\/que-gafas-usan-ls-influencers-en-los-festivales\/#breadcrumb","itemListElement":[{"@type":"ListItem","position":1,"name":"Portada","item":"https:\/\/soloptical.net\/blog\/"},{"@type":"ListItem","position":2,"name":"\u00bfQu\u00e9 gafas usan l@s influencers en los festivales?"}]},{"@type":"Person","@id":"https:\/\/soloptical.net\/blog\/#\/schema\/person\/ff9996614428adaccc3f660afa419f7c","name":"Mario Andrade","image":{"@type":"ImageObject","@id":"https:\/\/soloptical.net\/blog\/#personlogo","inLanguage":"es","url":"https:\/\/secure.gravatar.com\/avatar\/bd6aca70d99c4eb6eb996fb36630b1d3?s=96&d=mm&r=g","contentUrl":"https:\/\/secure.gravatar.com\/avatar\/bd6aca70d99c4eb6eb996fb36630b1d3?s=96&d=mm&r=g","caption":"Mario Andrade"},"sameAs":["http:\/\/www.soloptical.com"],"url":"https:\/\/soloptical.net\/blog\/author\/mario\/"}]}},"_links":{"self":[{"href":"https:\/\/soloptical.net\/blog\/wp-json\/wp\/v2\/posts\/4789"}],"collection":[{"href":"https:\/\/soloptical.net\/blog\/wp-json\/wp\/v2\/posts"}],"about":[{"href":"https:\/\/soloptical.net\/blog\/wp-json\/wp\/v2\/types\/post"}],"author":[{"embeddable":true,"href":"https:\/\/soloptical.net\/blog\/wp-json\/wp\/v2\/users\/10"}],"replies":[{"embeddable":true,"href":"https:\/\/soloptical.net\/blog\/wp-json\/wp\/v2\/comments?post=4789"}],"version-history":[{"count":16,"href":"https:\/\/soloptical.net\/blog\/wp-json\/wp\/v2\/posts\/4789\/revisions"}],"predecessor-version":[{"id":4957,"href":"https:\/\/soloptical.net\/blog\/wp-json\/wp\/v2\/posts\/4789\/revisions\/4957"}],"wp:attachment":[{"href":"https:\/\/soloptical.net\/blog\/wp-json\/wp\/v2\/media?parent=4789"}],"wp:term":[{"taxonomy":"category","embeddable":true,"href":"https:\/\/soloptical.net\/blog\/wp-json\/wp\/v2\/categories?post=4789"},{"taxonomy":"post_tag","embeddable":true,"href":"https:\/\/soloptical.net\/blog\/wp-json\/wp\/v2\/tags?post=4789"}],"curies":[{"name":"wp","href":"https:\/\/api.w.org\/{rel}","templated":true}]}}