{"id":4802,"date":"2018-05-12T12:00:19","date_gmt":"2018-05-12T10:00:19","guid":{"rendered":"http:\/\/blog.soloptical.net\/?p=4802"},"modified":"2018-05-11T16:56:37","modified_gmt":"2018-05-11T14:56:37","slug":"hawkers-conoce-la-marca-de-gafas-de-sol-espanola-que-esta-creando-tendencia","status":"publish","type":"post","link":"https:\/\/soloptical.net\/blog\/hawkers-conoce-la-marca-de-gafas-de-sol-espanola-que-esta-creando-tendencia\/","title":{"rendered":"Hawkers, la marca de gafas de sol Espa\u00f1ola que est\u00e1 creando tendencia"},"content":{"rendered":"<p style=\"text-align: justify;\">Cuatro j\u00f3venes emprendedores lanzaron una marca propia,\u00a0<span style=\"color: #000000;\"><strong><a style=\"color: #000000;\" href=\"http:\/\/hawkersco.com\/\">Hawkers<\/a><\/strong><\/span>.\u00a0Hoy forman parte de una empresa espa\u00f1ola que en apenas 3 a\u00f1os ha disparado la marca hasta lo m\u00e1s alto. Sus productos est\u00e1n pensados para todos los p\u00fablicos. Entre las\u00a0<strong>gafas Hawkers<\/strong>\u00a0encontrar\u00e1s modelos cl\u00e1sicos pero que siguen marcando tendencias. Su estilo las ha convertido en una marca referente entre las gafas de sol. Hoy,\u00a0venden en m\u00e1s de 50 pa\u00edses, superan los 15 millones de facturaci\u00f3n, tienen una plantilla de 40 personas, han fabricado para Mercedes Benz o PayPal\u00a0y &#8216;celebrities&#8217; nacionales e internacionales, como Paula Echevarr\u00eda, Usher o Dani Alves, llevan sus gafas.<\/p>\n<p style=\"text-align: justify;\">Sin olvidar que se ha convertido en la \u00abprimera empresa espa\u00f1ola\u00bb que patrocina a un equipo de la NBA, en su caso, Los Angeles Lakers. \u00a0Hawkers se ha posicionado como\u00a0<strong>\u00abla segunda marca de gafas de sol con m\u00e1s &#8216;Likes&#8217; del mundo<\/strong><strong>\u00bb<\/strong>, justo detr\u00e1s de Ray-Ban.<\/p>\n<p style=\"text-align: justify;\"><a href=\"http:\/\/blog.soloptical.net\/wp-content\/uploads\/2018\/04\/14246860062477.jpg\"><img loading=\"lazy\" class=\"aligncenter wp-image-4803 size-full\" src=\"http:\/\/blog.soloptical.net\/wp-content\/uploads\/2018\/04\/14246860062477.jpg\" alt=\"14246860062477\" width=\"657\" height=\"450\" srcset=\"https:\/\/soloptical.net\/blog\/wp-content\/uploads\/2018\/04\/14246860062477.jpg 657w, https:\/\/soloptical.net\/blog\/wp-content\/uploads\/2018\/04\/14246860062477-300x205.jpg 300w, https:\/\/soloptical.net\/blog\/wp-content\/uploads\/2018\/04\/14246860062477-573x392.jpg 573w\" sizes=\"(max-width: 657px) 100vw, 657px\" \/><\/a><\/p>\n<p style=\"text-align: justify;\">La reconocida espa\u00f1ola <strong>Paula Echevarr\u00eda<\/strong>, actriz y modelo nos vuelve locos con Hawkers y sus nuevos modelos: nuevos colores y estampados que combinan estupendamente con cualquiera de tus looks. Esta nueva colecci\u00f3n de gafas de alta calidad proporciona ligereza, elasticidad, ergonom\u00eda y alta resistencia al calor, a las presiones, a los golpes y ralladuras, proporcionando m\u00e1xima comodidad y confort. Contar\u00e1 con ocho modelos femeninos donde predominar\u00e1n los colores neutros. Esta es, de las cuatro colecciones de edici\u00f3n limitada de gafas de sol en colaboraci\u00f3n con Hawkers, la colecci\u00f3n m\u00e1s sofisticada, inspirada en el \u00absue\u00f1o americano\u00bb para su campa\u00f1a.<\/p>\n<p style=\"text-align: justify;\"><a href=\"http:\/\/blog.soloptical.net\/wp-content\/uploads\/2018\/05\/paula-echevarria-hawkers-gafas-coleccion-1525786659.jpg\"><img loading=\"lazy\" class=\"alignleft wp-image-4964 size-full\" src=\"http:\/\/blog.soloptical.net\/wp-content\/uploads\/2018\/05\/paula-echevarria-hawkers-gafas-coleccion-1525786659.jpg\" alt=\"paula-echevarria-hawkers-gafas-coleccion-1525786659\" width=\"980\" height=\"490\" srcset=\"https:\/\/soloptical.net\/blog\/wp-content\/uploads\/2018\/05\/paula-echevarria-hawkers-gafas-coleccion-1525786659.jpg 980w, https:\/\/soloptical.net\/blog\/wp-content\/uploads\/2018\/05\/paula-echevarria-hawkers-gafas-coleccion-1525786659-300x150.jpg 300w, https:\/\/soloptical.net\/blog\/wp-content\/uploads\/2018\/05\/paula-echevarria-hawkers-gafas-coleccion-1525786659-573x287.jpg 573w\" sizes=\"(max-width: 980px) 100vw, 980px\" \/><\/a><\/p>\n<p style=\"text-align: justify;\">Hawkers ha llegado tambi\u00e9n a los deportes: esta marca ha fichado a\u00a0<strong>Leo Messi<\/strong>\u00a0o <strong>Luis Suarez <\/strong>para nuevas colecciones de gafas.<\/p>\n<p style=\"text-align: justify;\">En concreto, la colecci\u00f3n<strong> Leo Messi<\/strong>\u00a0est\u00e1 compuesta por nueve nuevos modelos fabricados con los materiales de la nueva generaci\u00f3n de Hawkers. TR 90 suizo y pol\u00edmero de alta calidad que proporciona ligereza, elasticidad y que fusiona el estilo\u00a0<i>street<\/i>\u00a0y\u00a0<i>sportswear\u00a0<\/i>dise\u00f1ada especialmente para el futbolista. Tambi\u00e9n\u00a0han apostado por una vertical de negocio diferente y no han querido olvidar a los fans m\u00e1s peque\u00f1os, con varios modelos de gafas de sol para ni\u00f1os.<\/p>\n<p style=\"text-align: justify;\"><a href=\"http:\/\/blog.soloptical.net\/wp-content\/uploads\/2018\/05\/lentes-sol-hawkers-messi-hmwtr03-lf2.jpg\"><img loading=\"lazy\" class=\"alignleft wp-image-4965 size-large\" src=\"http:\/\/blog.soloptical.net\/wp-content\/uploads\/2018\/05\/lentes-sol-hawkers-messi-hmwtr03-lf2-1024x683.jpg\" alt=\"lentes-sol-hawkers-messi-hmwtr03-lf2\" width=\"900\" height=\"600\" \/><\/a><\/p>\n<p style=\"text-align: justify;\"><a href=\"http:\/\/blog.soloptical.net\/wp-content\/uploads\/2018\/04\/messi-hawkers.jpg\"><img loading=\"lazy\" class=\"aligncenter wp-image-4807 size-full\" src=\"http:\/\/blog.soloptical.net\/wp-content\/uploads\/2018\/04\/messi-hawkers-e1526028531254.jpg\" alt=\"messi-hawkers\" width=\"681\" height=\"335\" srcset=\"https:\/\/soloptical.net\/blog\/wp-content\/uploads\/2018\/04\/messi-hawkers-e1526028531254.jpg 681w, https:\/\/soloptical.net\/blog\/wp-content\/uploads\/2018\/04\/messi-hawkers-e1526028531254-300x148.jpg 300w, https:\/\/soloptical.net\/blog\/wp-content\/uploads\/2018\/04\/messi-hawkers-e1526028531254-573x282.jpg 573w\" sizes=\"(max-width: 681px) 100vw, 681px\" \/><\/a><\/p>\n<p style=\"text-align: justify;\"><strong>Luis Su\u00e1rez<\/strong> tambi\u00e9n se asocia con la marca con una colecci\u00f3n que refleja la deportividad y superaci\u00f3n del delantero centro del FC Barcelona reflejado en unos modelos \u00fanicos que combinan unas lentes espejadas con una montura de policarbonato de gran calidad.<\/p>\n<p style=\"text-align: justify;\"><a href=\"http:\/\/blog.soloptical.net\/wp-content\/uploads\/2018\/05\/SUAREZ_LANDING_2664x1185_2.png\"><img loading=\"lazy\" class=\"aligncenter wp-image-4966 size-large\" src=\"http:\/\/blog.soloptical.net\/wp-content\/uploads\/2018\/05\/SUAREZ_LANDING_2664x1185_2-1024x455.png\" alt=\"SUAREZ_LANDING_2664x1185_2\" width=\"900\" height=\"400\" srcset=\"https:\/\/soloptical.net\/blog\/wp-content\/uploads\/2018\/05\/SUAREZ_LANDING_2664x1185_2-1024x455.png 1024w, https:\/\/soloptical.net\/blog\/wp-content\/uploads\/2018\/05\/SUAREZ_LANDING_2664x1185_2-300x133.png 300w, https:\/\/soloptical.net\/blog\/wp-content\/uploads\/2018\/05\/SUAREZ_LANDING_2664x1185_2-980x436.png 980w, https:\/\/soloptical.net\/blog\/wp-content\/uploads\/2018\/05\/SUAREZ_LANDING_2664x1185_2-573x255.png 573w\" sizes=\"(max-width: 900px) 100vw, 900px\" \/><\/a><\/p>\n<p style=\"text-align: justify;\">\u00a1La lista de famosos que usan esta marca es bastante larga! Puedes encontrar m\u00e1s informaci\u00f3n sobre Hawkers en la\u00a0tienda\u00a0online de Soloptical o en cualquiera de nuestras tiendas. \u00a1Si est\u00e1s pensando en comprar unas gafas de calidad, a la moda, y econ\u00f3micas no dudes en elegir esta marca!<\/p>\n","protected":false},"excerpt":{"rendered":"<p>Cuatro j\u00f3venes emprendedores lanzaron una marca propia,\u00a0Hawkers.\u00a0Hoy forman parte de una empresa espa\u00f1ola que en apenas 3 a\u00f1os ha disparado la marca hasta lo m\u00e1s alto. Sus productos est\u00e1n pensados para todos los p\u00fablicos. Entre las\u00a0gafas Hawkers\u00a0encontrar\u00e1s modelos cl\u00e1sicos pero que siguen marcando tendencias. Su estilo las ha convertido en una marca referente entre las&nbsp;<a href=\"https:\/\/soloptical.net\/blog\/hawkers-conoce-la-marca-de-gafas-de-sol-espanola-que-esta-creando-tendencia\/\" class=\"read-more\">Continua leyendo<\/a><\/p>\n","protected":false},"author":10,"featured_media":0,"comment_status":"open","ping_status":"open","sticky":false,"template":"","format":"standard","meta":[],"categories":[30,265,2],"tags":[51,247,84,47,48,59,342,74,52],"yoast_head":"<!-- This site is optimized with the Yoast SEO plugin v18.6 - https:\/\/yoast.com\/wordpress\/plugins\/seo\/ -->\n<title>Hawkers, la marca de gafas de sol Espa\u00f1ola que est\u00e1 creando tendencia - Blog a primera vista<\/title>\n<meta name=\"description\" content=\"Conoce la marca espa\u00f1ola que esta creando tendencia en el mundo de las gafas de sol definidas como informales a la par que elegantes \u00bfquieres saber cu\u00e1l es?\" \/>\n<meta name=\"robots\" content=\"index, follow, max-snippet:-1, max-image-preview:large, max-video-preview:-1\" \/>\n<link rel=\"canonical\" href=\"https:\/\/soloptical.net\/blog\/hawkers-conoce-la-marca-de-gafas-de-sol-espanola-que-esta-creando-tendencia\/\" \/>\n<meta property=\"og:locale\" content=\"es_ES\" \/>\n<meta property=\"og:type\" content=\"article\" \/>\n<meta property=\"og:title\" content=\"Hawkers, la marca de gafas de sol Espa\u00f1ola que est\u00e1 creando tendencia - Blog a primera vista\" \/>\n<meta property=\"og:description\" content=\"Conoce la marca espa\u00f1ola que esta creando tendencia en el mundo de las gafas de sol definidas como informales a la par que elegantes \u00bfquieres saber cu\u00e1l es?\" \/>\n<meta property=\"og:url\" content=\"https:\/\/soloptical.net\/blog\/hawkers-conoce-la-marca-de-gafas-de-sol-espanola-que-esta-creando-tendencia\/\" \/>\n<meta property=\"og:site_name\" content=\"Blog a primera vista\" \/>\n<meta property=\"article:published_time\" content=\"2018-05-12T10:00:19+00:00\" \/>\n<meta property=\"article:modified_time\" content=\"2018-05-11T14:56:37+00:00\" \/>\n<meta property=\"og:image\" content=\"http:\/\/blog.soloptical.net\/wp-content\/uploads\/2018\/04\/14246860062477.jpg\" \/>\n<meta name=\"twitter:card\" content=\"summary\" \/>\n<meta name=\"twitter:label1\" content=\"Escrito por\" \/>\n\t<meta name=\"twitter:data1\" content=\"Mario Andrade\" \/>\n\t<meta name=\"twitter:label2\" content=\"Tiempo de lectura\" \/>\n\t<meta name=\"twitter:data2\" content=\"2 minutos\" \/>\n<script type=\"application\/ld+json\" class=\"yoast-schema-graph\">{\"@context\":\"https:\/\/schema.org\",\"@graph\":[{\"@type\":\"WebSite\",\"@id\":\"https:\/\/soloptical.net\/blog\/#website\",\"url\":\"https:\/\/soloptical.net\/blog\/\",\"name\":\"Blog a primera vista\",\"description\":\"by soloptical\",\"potentialAction\":[{\"@type\":\"SearchAction\",\"target\":{\"@type\":\"EntryPoint\",\"urlTemplate\":\"https:\/\/soloptical.net\/blog\/?s={search_term_string}\"},\"query-input\":\"required name=search_term_string\"}],\"inLanguage\":\"es\"},{\"@type\":\"ImageObject\",\"@id\":\"https:\/\/soloptical.net\/blog\/hawkers-conoce-la-marca-de-gafas-de-sol-espanola-que-esta-creando-tendencia\/#primaryimage\",\"inLanguage\":\"es\",\"url\":\"http:\/\/blog.soloptical.net\/wp-content\/uploads\/2018\/04\/14246860062477.jpg\",\"contentUrl\":\"http:\/\/blog.soloptical.net\/wp-content\/uploads\/2018\/04\/14246860062477.jpg\"},{\"@type\":\"WebPage\",\"@id\":\"https:\/\/soloptical.net\/blog\/hawkers-conoce-la-marca-de-gafas-de-sol-espanola-que-esta-creando-tendencia\/#webpage\",\"url\":\"https:\/\/soloptical.net\/blog\/hawkers-conoce-la-marca-de-gafas-de-sol-espanola-que-esta-creando-tendencia\/\",\"name\":\"Hawkers, la marca de gafas de sol Espa\u00f1ola que est\u00e1 creando tendencia - Blog a primera vista\",\"isPartOf\":{\"@id\":\"https:\/\/soloptical.net\/blog\/#website\"},\"primaryImageOfPage\":{\"@id\":\"https:\/\/soloptical.net\/blog\/hawkers-conoce-la-marca-de-gafas-de-sol-espanola-que-esta-creando-tendencia\/#primaryimage\"},\"datePublished\":\"2018-05-12T10:00:19+00:00\",\"dateModified\":\"2018-05-11T14:56:37+00:00\",\"author\":{\"@id\":\"https:\/\/soloptical.net\/blog\/#\/schema\/person\/ff9996614428adaccc3f660afa419f7c\"},\"description\":\"Conoce la marca espa\u00f1ola que esta creando tendencia en el mundo de las gafas de sol definidas como informales a la par que elegantes \u00bfquieres saber cu\u00e1l es?\",\"breadcrumb\":{\"@id\":\"https:\/\/soloptical.net\/blog\/hawkers-conoce-la-marca-de-gafas-de-sol-espanola-que-esta-creando-tendencia\/#breadcrumb\"},\"inLanguage\":\"es\",\"potentialAction\":[{\"@type\":\"ReadAction\",\"target\":[\"https:\/\/soloptical.net\/blog\/hawkers-conoce-la-marca-de-gafas-de-sol-espanola-que-esta-creando-tendencia\/\"]}]},{\"@type\":\"BreadcrumbList\",\"@id\":\"https:\/\/soloptical.net\/blog\/hawkers-conoce-la-marca-de-gafas-de-sol-espanola-que-esta-creando-tendencia\/#breadcrumb\",\"itemListElement\":[{\"@type\":\"ListItem\",\"position\":1,\"name\":\"Portada\",\"item\":\"https:\/\/soloptical.net\/blog\/\"},{\"@type\":\"ListItem\",\"position\":2,\"name\":\"Hawkers, la marca de gafas de sol Espa\u00f1ola que est\u00e1 creando tendencia\"}]},{\"@type\":\"Person\",\"@id\":\"https:\/\/soloptical.net\/blog\/#\/schema\/person\/ff9996614428adaccc3f660afa419f7c\",\"name\":\"Mario Andrade\",\"image\":{\"@type\":\"ImageObject\",\"@id\":\"https:\/\/soloptical.net\/blog\/#personlogo\",\"inLanguage\":\"es\",\"url\":\"https:\/\/secure.gravatar.com\/avatar\/bd6aca70d99c4eb6eb996fb36630b1d3?s=96&d=mm&r=g\",\"contentUrl\":\"https:\/\/secure.gravatar.com\/avatar\/bd6aca70d99c4eb6eb996fb36630b1d3?s=96&d=mm&r=g\",\"caption\":\"Mario Andrade\"},\"sameAs\":[\"http:\/\/www.soloptical.com\"],\"url\":\"https:\/\/soloptical.net\/blog\/author\/mario\/\"}]}<\/script>\n<!-- \/ Yoast SEO plugin. -->","yoast_head_json":{"title":"Hawkers, la marca de gafas de sol Espa\u00f1ola que est\u00e1 creando tendencia - Blog a primera vista","description":"Conoce la marca espa\u00f1ola que esta creando tendencia en el mundo de las gafas de sol definidas como informales a la par que elegantes \u00bfquieres saber cu\u00e1l es?","robots":{"index":"index","follow":"follow","max-snippet":"max-snippet:-1","max-image-preview":"max-image-preview:large","max-video-preview":"max-video-preview:-1"},"canonical":"https:\/\/soloptical.net\/blog\/hawkers-conoce-la-marca-de-gafas-de-sol-espanola-que-esta-creando-tendencia\/","og_locale":"es_ES","og_type":"article","og_title":"Hawkers, la marca de gafas de sol Espa\u00f1ola que est\u00e1 creando tendencia - Blog a primera vista","og_description":"Conoce la marca espa\u00f1ola que esta creando tendencia en el mundo de las gafas de sol definidas como informales a la par que elegantes \u00bfquieres saber cu\u00e1l es?","og_url":"https:\/\/soloptical.net\/blog\/hawkers-conoce-la-marca-de-gafas-de-sol-espanola-que-esta-creando-tendencia\/","og_site_name":"Blog a primera vista","article_published_time":"2018-05-12T10:00:19+00:00","article_modified_time":"2018-05-11T14:56:37+00:00","og_image":[{"url":"http:\/\/blog.soloptical.net\/wp-content\/uploads\/2018\/04\/14246860062477.jpg"}],"twitter_card":"summary","twitter_misc":{"Escrito por":"Mario Andrade","Tiempo de lectura":"2 minutos"},"schema":{"@context":"https:\/\/schema.org","@graph":[{"@type":"WebSite","@id":"https:\/\/soloptical.net\/blog\/#website","url":"https:\/\/soloptical.net\/blog\/","name":"Blog a primera vista","description":"by soloptical","potentialAction":[{"@type":"SearchAction","target":{"@type":"EntryPoint","urlTemplate":"https:\/\/soloptical.net\/blog\/?s={search_term_string}"},"query-input":"required name=search_term_string"}],"inLanguage":"es"},{"@type":"ImageObject","@id":"https:\/\/soloptical.net\/blog\/hawkers-conoce-la-marca-de-gafas-de-sol-espanola-que-esta-creando-tendencia\/#primaryimage","inLanguage":"es","url":"http:\/\/blog.soloptical.net\/wp-content\/uploads\/2018\/04\/14246860062477.jpg","contentUrl":"http:\/\/blog.soloptical.net\/wp-content\/uploads\/2018\/04\/14246860062477.jpg"},{"@type":"WebPage","@id":"https:\/\/soloptical.net\/blog\/hawkers-conoce-la-marca-de-gafas-de-sol-espanola-que-esta-creando-tendencia\/#webpage","url":"https:\/\/soloptical.net\/blog\/hawkers-conoce-la-marca-de-gafas-de-sol-espanola-que-esta-creando-tendencia\/","name":"Hawkers, la marca de gafas de sol Espa\u00f1ola que est\u00e1 creando tendencia - Blog a primera vista","isPartOf":{"@id":"https:\/\/soloptical.net\/blog\/#website"},"primaryImageOfPage":{"@id":"https:\/\/soloptical.net\/blog\/hawkers-conoce-la-marca-de-gafas-de-sol-espanola-que-esta-creando-tendencia\/#primaryimage"},"datePublished":"2018-05-12T10:00:19+00:00","dateModified":"2018-05-11T14:56:37+00:00","author":{"@id":"https:\/\/soloptical.net\/blog\/#\/schema\/person\/ff9996614428adaccc3f660afa419f7c"},"description":"Conoce la marca espa\u00f1ola que esta creando tendencia en el mundo de las gafas de sol definidas como informales a la par que elegantes \u00bfquieres saber cu\u00e1l es?","breadcrumb":{"@id":"https:\/\/soloptical.net\/blog\/hawkers-conoce-la-marca-de-gafas-de-sol-espanola-que-esta-creando-tendencia\/#breadcrumb"},"inLanguage":"es","potentialAction":[{"@type":"ReadAction","target":["https:\/\/soloptical.net\/blog\/hawkers-conoce-la-marca-de-gafas-de-sol-espanola-que-esta-creando-tendencia\/"]}]},{"@type":"BreadcrumbList","@id":"https:\/\/soloptical.net\/blog\/hawkers-conoce-la-marca-de-gafas-de-sol-espanola-que-esta-creando-tendencia\/#breadcrumb","itemListElement":[{"@type":"ListItem","position":1,"name":"Portada","item":"https:\/\/soloptical.net\/blog\/"},{"@type":"ListItem","position":2,"name":"Hawkers, la marca de gafas de sol Espa\u00f1ola que est\u00e1 creando tendencia"}]},{"@type":"Person","@id":"https:\/\/soloptical.net\/blog\/#\/schema\/person\/ff9996614428adaccc3f660afa419f7c","name":"Mario Andrade","image":{"@type":"ImageObject","@id":"https:\/\/soloptical.net\/blog\/#personlogo","inLanguage":"es","url":"https:\/\/secure.gravatar.com\/avatar\/bd6aca70d99c4eb6eb996fb36630b1d3?s=96&d=mm&r=g","contentUrl":"https:\/\/secure.gravatar.com\/avatar\/bd6aca70d99c4eb6eb996fb36630b1d3?s=96&d=mm&r=g","caption":"Mario Andrade"},"sameAs":["http:\/\/www.soloptical.com"],"url":"https:\/\/soloptical.net\/blog\/author\/mario\/"}]}},"_links":{"self":[{"href":"https:\/\/soloptical.net\/blog\/wp-json\/wp\/v2\/posts\/4802"}],"collection":[{"href":"https:\/\/soloptical.net\/blog\/wp-json\/wp\/v2\/posts"}],"about":[{"href":"https:\/\/soloptical.net\/blog\/wp-json\/wp\/v2\/types\/post"}],"author":[{"embeddable":true,"href":"https:\/\/soloptical.net\/blog\/wp-json\/wp\/v2\/users\/10"}],"replies":[{"embeddable":true,"href":"https:\/\/soloptical.net\/blog\/wp-json\/wp\/v2\/comments?post=4802"}],"version-history":[{"count":16,"href":"https:\/\/soloptical.net\/blog\/wp-json\/wp\/v2\/posts\/4802\/revisions"}],"predecessor-version":[{"id":4976,"href":"https:\/\/soloptical.net\/blog\/wp-json\/wp\/v2\/posts\/4802\/revisions\/4976"}],"wp:attachment":[{"href":"https:\/\/soloptical.net\/blog\/wp-json\/wp\/v2\/media?parent=4802"}],"wp:term":[{"taxonomy":"category","embeddable":true,"href":"https:\/\/soloptical.net\/blog\/wp-json\/wp\/v2\/categories?post=4802"},{"taxonomy":"post_tag","embeddable":true,"href":"https:\/\/soloptical.net\/blog\/wp-json\/wp\/v2\/tags?post=4802"}],"curies":[{"name":"wp","href":"https:\/\/api.w.org\/{rel}","templated":true}]}}