{"id":5927,"date":"2020-06-11T07:43:26","date_gmt":"2020-06-11T05:43:26","guid":{"rendered":"https:\/\/soloptical.net\/blog\/?p=5927"},"modified":"2020-06-17T10:47:49","modified_gmt":"2020-06-17T08:47:49","slug":"covid-19-seguridad-a-la-vista-en-soloptical","status":"publish","type":"post","link":"https:\/\/soloptical.net\/blog\/covid-19-seguridad-a-la-vista-en-soloptical\/","title":{"rendered":"Covid 19:  Seguridad a la vista en Soloptical"},"content":{"rendered":"\n<figure class=\"wp-block-image\"><img loading=\"lazy\" width=\"1024\" height=\"683\" src=\"https:\/\/soloptical.net\/blog\/wp-content\/uploads\/2020\/06\/Seguridad-a-la-vista-1024x683.jpg\" alt=\"\" class=\"wp-image-5930\" srcset=\"https:\/\/soloptical.net\/blog\/wp-content\/uploads\/2020\/06\/Seguridad-a-la-vista-1024x683.jpg 1024w, https:\/\/soloptical.net\/blog\/wp-content\/uploads\/2020\/06\/Seguridad-a-la-vista-300x200.jpg 300w, https:\/\/soloptical.net\/blog\/wp-content\/uploads\/2020\/06\/Seguridad-a-la-vista-768x512.jpg 768w, https:\/\/soloptical.net\/blog\/wp-content\/uploads\/2020\/06\/Seguridad-a-la-vista-980x653.jpg 980w, https:\/\/soloptical.net\/blog\/wp-content\/uploads\/2020\/06\/Seguridad-a-la-vista-573x382.jpg 573w\" sizes=\"(max-width: 1024px) 100vw, 1024px\" \/><figcaption>Soloptical Covid19Free<\/figcaption><\/figure>\n\n\n\n<p><strong>Tras el confinamiento por la \u201cAlerta Sanitaria\u201d  por Covid 19, en plena fase de desescalada nos vamos adaptando a la \u201cnueva\u201d normalidad.<\/strong> Durante todo este tiempo la Cadena de \u00d3pticas Soloptical ha mantenido unos servicios m\u00ednimos para garantizar la seguridad&nbsp; y evitar el riesgo de contagio entre sus empleados y clientes. Durante el periodo de cuarentena hemos atendido a miles de clientes a trav\u00e9s de nuestro <a href=\"https:\/\/soloptical.net\/\">comercio electr\u00f3nico<\/a> que se ha destacado en la venta de gafas de sol, gafas graduadas y lentes de contacto. <strong>Al d\u00eda de hoy todos nuestros establecimientos est\u00e1n abiertos al p\u00fablico en los principales centros comerciales y calles principales de tu ciudad. Estamos listos de nuevo para atenderte con todas las garant\u00edas que te mereces.&nbsp;<\/strong><\/p>\n\n\n\n<h2>As\u00ed te cuidamos, as\u00ed nos cuidamos todos<\/h2>\n\n\n\n<figure class=\"wp-block-image\"><img loading=\"lazy\" width=\"683\" height=\"1024\" src=\"https:\/\/soloptical.net\/blog\/wp-content\/uploads\/2020\/06\/person-with-a-face-mask-and-latex-gloves-holding-a-globe-4167542-683x1024.jpg\" alt=\"\" class=\"wp-image-5934\" srcset=\"https:\/\/soloptical.net\/blog\/wp-content\/uploads\/2020\/06\/person-with-a-face-mask-and-latex-gloves-holding-a-globe-4167542-683x1024.jpg 683w, https:\/\/soloptical.net\/blog\/wp-content\/uploads\/2020\/06\/person-with-a-face-mask-and-latex-gloves-holding-a-globe-4167542-200x300.jpg 200w, https:\/\/soloptical.net\/blog\/wp-content\/uploads\/2020\/06\/person-with-a-face-mask-and-latex-gloves-holding-a-globe-4167542-768x1152.jpg 768w, https:\/\/soloptical.net\/blog\/wp-content\/uploads\/2020\/06\/person-with-a-face-mask-and-latex-gloves-holding-a-globe-4167542-490x735.jpg 490w, https:\/\/soloptical.net\/blog\/wp-content\/uploads\/2020\/06\/person-with-a-face-mask-and-latex-gloves-holding-a-globe-4167542-287x430.jpg 287w\" sizes=\"(max-width: 683px) 100vw, 683px\" \/><\/figure>\n\n\n\n<p>&nbsp;<\/p>\n\n\n\n<p><strong>Limitaci\u00f3n de aforo de p\u00fablico en \u00f3pticas, empleo de hidrogeles, guantes y mascarillas y distancia social de un metro y medio<\/strong> son las medidas establecidas por las autoridades sanitarias. Tambi\u00e9n hemos implementado unos <strong>procesos de desinfecci\u00f3n de las gafas en exposici\u00f3n<\/strong>. Cuando vas a comprar tus gafas nuevas es normal que vengas en compa\u00f1\u00eda de una persona de confianza para ver c\u00f3mo te sientan y probarte varios modelos antes de elegir.&nbsp; Hay muchos estilos en gafas graduadas y gafas de sol. Te recomendamos que te dejes asesorar por nuestro personal que te guiar\u00e1 por el tipo de monturas que sienta mejor a la forma de tu rostro y peinado. Pru\u00e9bate todas las gafas que quieras pero, por favor en vez de devolverlas al expositor, d\u00e9jalas en el <strong>mostrador habilitado para proceder a su correcta desinfecci\u00f3n.&nbsp;<\/strong><\/p>\n\n\n\n<h3>Consecuencias a la vista: cambio de graduaci\u00f3n <\/h3>\n\n\n\n<ul class=\"wp-block-gallery columns-1 is-cropped\"><li class=\"blocks-gallery-item\"><figure><img loading=\"lazy\" width=\"1024\" height=\"684\" src=\"https:\/\/soloptical.net\/blog\/wp-content\/uploads\/2020\/03\/AdobeStock_147148286-1024x684.jpeg\" alt=\"Optometrista graduando\" data-id=\"5830\" data-link=\"https:\/\/soloptical.net\/blog\/campana-de-prevencion-del-glaucoma\/young-female-ophthalmologist-using-apparatus\/\" class=\"wp-image-5830\" srcset=\"https:\/\/soloptical.net\/blog\/wp-content\/uploads\/2020\/03\/AdobeStock_147148286-1024x684.jpeg 1024w, https:\/\/soloptical.net\/blog\/wp-content\/uploads\/2020\/03\/AdobeStock_147148286-300x200.jpeg 300w, https:\/\/soloptical.net\/blog\/wp-content\/uploads\/2020\/03\/AdobeStock_147148286-768x513.jpeg 768w, https:\/\/soloptical.net\/blog\/wp-content\/uploads\/2020\/03\/AdobeStock_147148286-980x654.jpeg 980w, https:\/\/soloptical.net\/blog\/wp-content\/uploads\/2020\/03\/AdobeStock_147148286-573x383.jpeg 573w\" sizes=\"(max-width: 1024px) 100vw, 1024px\" \/><figcaption>Oculist is sitting afore patient and checking her sight with help of optical equipment<\/figcaption><\/figure><\/li><\/ul>\n\n\n\n<p>El uso y abuso de dispositivos electr\u00f3nicos, el alto consumo de tiempo entre pantallas ya sean de m\u00f3vil, tabletas y ordenadores, el confinamiento entre cuatro paredes ha podido provocar cambios en tu visi\u00f3n. <strong>Es el momento de graduarte de nuevo la vista y adaptar tus lentes a las nuevas dioptr\u00edas<\/strong>. Te recomendamos que conciertes una <strong>cita con los optometristas de Soloptical<\/strong> para mejorar tu agudeza y salud visual. Dadas las recientes limitaciones de aforo <strong>es m\u00e1s que recomendable que reserves d\u00eda y hora para evitarte molestas esperas<\/strong>. La graduaci\u00f3n se realiza en nuestro gabinete siguiendo los m\u00e1s exigentes protocolos de seguridad sanitaria.<\/p>\n\n\n\n<h4>Pantallas y gafas protectoras<\/h4>\n\n\n\n<figure class=\"wp-block-image\"><img loading=\"lazy\" width=\"1024\" height=\"1024\" src=\"https:\/\/soloptical.net\/blog\/wp-content\/uploads\/2020\/06\/Protector-Polaroid-Soloptical-1024x1024.png\" alt=\"\" class=\"wp-image-5933\" srcset=\"https:\/\/soloptical.net\/blog\/wp-content\/uploads\/2020\/06\/Protector-Polaroid-Soloptical-1024x1024.png 1024w, https:\/\/soloptical.net\/blog\/wp-content\/uploads\/2020\/06\/Protector-Polaroid-Soloptical-150x150.png 150w, https:\/\/soloptical.net\/blog\/wp-content\/uploads\/2020\/06\/Protector-Polaroid-Soloptical-300x300.png 300w, https:\/\/soloptical.net\/blog\/wp-content\/uploads\/2020\/06\/Protector-Polaroid-Soloptical-768x768.png 768w, https:\/\/soloptical.net\/blog\/wp-content\/uploads\/2020\/06\/Protector-Polaroid-Soloptical-735x735.png 735w, https:\/\/soloptical.net\/blog\/wp-content\/uploads\/2020\/06\/Protector-Polaroid-Soloptical-430x430.png 430w, https:\/\/soloptical.net\/blog\/wp-content\/uploads\/2020\/06\/Protector-Polaroid-Soloptical-80x80.png 80w, https:\/\/soloptical.net\/blog\/wp-content\/uploads\/2020\/06\/Protector-Polaroid-Soloptical.png 2000w\" sizes=\"(max-width: 1024px) 100vw, 1024px\" \/><\/figure>\n\n\n\n<p>La&nbsp; transmisi\u00f3n del Covid19 v\u00eda aerosol es uno de los temores m\u00e1s extendidos. Habr\u00e1s visto que prolifera el uso de pantallas y gafas protectoras espec\u00edficas. Estas nuevas <strong>protecciones<\/strong> son <strong>recomendables para la poblaci\u00f3n de riesgo<\/strong>. <\/p>\n\n\n\n<figure class=\"wp-block-image\"><img loading=\"lazy\" width=\"1024\" height=\"1024\" src=\"https:\/\/soloptical.net\/blog\/wp-content\/uploads\/2020\/06\/Protector-Pantalla-Polaroid-Soloptical-1-1024x1024.png\" alt=\"\" class=\"wp-image-5932\" srcset=\"https:\/\/soloptical.net\/blog\/wp-content\/uploads\/2020\/06\/Protector-Pantalla-Polaroid-Soloptical-1-1024x1024.png 1024w, https:\/\/soloptical.net\/blog\/wp-content\/uploads\/2020\/06\/Protector-Pantalla-Polaroid-Soloptical-1-150x150.png 150w, https:\/\/soloptical.net\/blog\/wp-content\/uploads\/2020\/06\/Protector-Pantalla-Polaroid-Soloptical-1-300x300.png 300w, https:\/\/soloptical.net\/blog\/wp-content\/uploads\/2020\/06\/Protector-Pantalla-Polaroid-Soloptical-1-768x768.png 768w, https:\/\/soloptical.net\/blog\/wp-content\/uploads\/2020\/06\/Protector-Pantalla-Polaroid-Soloptical-1-735x735.png 735w, https:\/\/soloptical.net\/blog\/wp-content\/uploads\/2020\/06\/Protector-Pantalla-Polaroid-Soloptical-1-430x430.png 430w, https:\/\/soloptical.net\/blog\/wp-content\/uploads\/2020\/06\/Protector-Pantalla-Polaroid-Soloptical-1-80x80.png 80w, https:\/\/soloptical.net\/blog\/wp-content\/uploads\/2020\/06\/Protector-Pantalla-Polaroid-Soloptical-1.png 2000w\" sizes=\"(max-width: 1024px) 100vw, 1024px\" \/><\/figure>\n\n\n\n<p>En Soloptical comercializamos <strong>pantallas y gafas protectoras fabricadas por Polaroid <\/strong>que cumplen con las m\u00e1s exigentes normas europeas de certificaci\u00f3n. Las puedes adquirir en tu \u00f3ptica Soloptical m\u00e1s cercana y tambi\u00e9n en <a href=\"https:\/\/soloptical.net\/\">soloptical.com<\/a><\/p>\n\n\n\n<h4>Gafas de sol saludables<\/h4>\n\n\n\n<figure class=\"wp-block-image\"><img loading=\"lazy\" width=\"731\" height=\"1024\" src=\"https:\/\/soloptical.net\/blog\/wp-content\/uploads\/2019\/11\/191003-Soloptical-2133-731x1024.jpg\" alt=\"\" class=\"wp-image-5695\" srcset=\"https:\/\/soloptical.net\/blog\/wp-content\/uploads\/2019\/11\/191003-Soloptical-2133-731x1024.jpg 731w, https:\/\/soloptical.net\/blog\/wp-content\/uploads\/2019\/11\/191003-Soloptical-2133-214x300.jpg 214w, https:\/\/soloptical.net\/blog\/wp-content\/uploads\/2019\/11\/191003-Soloptical-2133-768x1075.jpg 768w, https:\/\/soloptical.net\/blog\/wp-content\/uploads\/2019\/11\/191003-Soloptical-2133-525x735.jpg 525w, https:\/\/soloptical.net\/blog\/wp-content\/uploads\/2019\/11\/191003-Soloptical-2133-307x430.jpg 307w\" sizes=\"(max-width: 731px) 100vw, 731px\" \/><\/figure>\n\n\n\n<p>Seg\u00fan los expertos, <strong>tomar el sol con moderaci\u00f3n es beneficioso<\/strong> para ayudar a a reforzar <strong>el sistema inmunol\u00f3gico<\/strong>. Adem\u00e1s de influir en t\u00fa estado de \u00e1nimo ayuda a que tu organismo produzca vitamina D.  El cuerpo produce&nbsp;<strong>la vitamina D<\/strong>&nbsp;cuando la piel entra en contacto con el&nbsp;<strong>sol<\/strong>. Por eso, tambi\u00e9n se la conoce como &nbsp;<strong>la vitamina&nbsp;de la luz del&nbsp;sol<\/strong>. La <strong>radiaci\u00f3n U<\/strong>V tambi\u00e9n  debilitar algunos&nbsp; virus y bacterias. Pero, el sol <strong>en exceso  tambi\u00e9n es perjudicial para nuestros ojos<\/strong>. De ah\u00ed la <strong>necesidad<\/strong> de usar gafas de sol con <strong>filtros UV con protecci\u00f3n 400 en las actividades al aire libre<\/strong>. En Soloptical te presentamos una nueva colecci\u00f3n de moda con ofertas  irresistibles en tu \u00f3ptica m\u00e1s cercana y en <a href=\"http:\/\/Seg\u00fan los expertos, tomar el sol con moderaci\u00f3n es beneficioso para reforzar el sistema inmunol\u00f3gico. Adem\u00e1s de influir en nuestro estado de \u00e1nimo ayuda a la vitamina D. La radiaci\u00f3n UV tan buena para desactivar algunos  virus y bacterias tambi\u00e9n es perjudicial para nuestros ojos. De ah\u00ed la necesidad de usar gafas de sol con filtros UV con protecci\u00f3n 400 en las actividades al aire libre. En Soloptical te presentamos una nueva colecci\u00f3n de moda con ofertas irresistibles en tu \u00f3ptica m\u00e1s cercana y en nuestra tienda online. \">nuestra tienda online.&nbsp;<\/a> Disfruta de m\u00e1s salud y  moda este verano con Soloptical<\/p>\n","protected":false},"excerpt":{"rendered":"<p>Tras el confinamiento por la \u201cAlerta Sanitaria\u201d por Covid 19, en plena fase de desescalada nos vamos adaptando a la \u201cnueva\u201d normalidad. Durante todo este tiempo la Cadena de \u00d3pticas Soloptical ha mantenido unos servicios m\u00ednimos para garantizar la seguridad&nbsp; y evitar el riesgo de contagio entre sus empleados y clientes. Durante el periodo de&nbsp;<a href=\"https:\/\/soloptical.net\/blog\/covid-19-seguridad-a-la-vista-en-soloptical\/\" class=\"read-more\">Continua leyendo<\/a><\/p>\n","protected":false},"author":12,"featured_media":0,"comment_status":"open","ping_status":"open","sticky":false,"template":"","format":"standard","meta":[],"categories":[253,265],"tags":[486,425,488,487,399],"yoast_head":"<!-- This site is optimized with the Yoast SEO plugin v18.6 - https:\/\/yoast.com\/wordpress\/plugins\/seo\/ -->\n<title>Covid 19: Seguridad a la vista en Soloptical - Blog a primera vista<\/title>\n<meta name=\"description\" content=\"Soloptical se adapta a la \u201cnueva\u201d normalidad tras el confinamiento de la pandemia del Covid 19.Limitaci\u00f3n de aforo de p\u00fablico en \u00f3pticas, empleo de hidrogeles, guantes y mascarillas y distancia social de un metro y medio son las medidas establecidas por las autoridades sanitarias.\" \/>\n<meta name=\"robots\" content=\"index, follow, max-snippet:-1, max-image-preview:large, max-video-preview:-1\" \/>\n<link rel=\"canonical\" href=\"https:\/\/soloptical.net\/blog\/covid-19-seguridad-a-la-vista-en-soloptical\/\" \/>\n<meta property=\"og:locale\" content=\"es_ES\" \/>\n<meta property=\"og:type\" content=\"article\" \/>\n<meta property=\"og:title\" content=\"Covid 19: Seguridad a la vista en Soloptical - Blog a primera vista\" \/>\n<meta property=\"og:description\" content=\"Soloptical se adapta a la \u201cnueva\u201d normalidad tras el confinamiento de la pandemia del Covid 19.Limitaci\u00f3n de aforo de p\u00fablico en \u00f3pticas, empleo de hidrogeles, guantes y mascarillas y distancia social de un metro y medio son las medidas establecidas por las autoridades sanitarias.\" \/>\n<meta property=\"og:url\" content=\"https:\/\/soloptical.net\/blog\/covid-19-seguridad-a-la-vista-en-soloptical\/\" \/>\n<meta property=\"og:site_name\" content=\"Blog a primera vista\" \/>\n<meta property=\"article:published_time\" content=\"2020-06-11T05:43:26+00:00\" \/>\n<meta property=\"article:modified_time\" content=\"2020-06-17T08:47:49+00:00\" \/>\n<meta property=\"og:image\" content=\"https:\/\/soloptical.net\/blog\/wp-content\/uploads\/2020\/06\/Seguridad-a-la-vista-1024x683.jpg\" \/>\n<meta name=\"twitter:card\" content=\"summary\" \/>\n<meta name=\"twitter:label1\" content=\"Escrito por\" \/>\n\t<meta name=\"twitter:data1\" content=\"Ignacio del Valle\" \/>\n\t<meta name=\"twitter:label2\" content=\"Tiempo de lectura\" \/>\n\t<meta name=\"twitter:data2\" content=\"3 minutos\" \/>\n<script type=\"application\/ld+json\" class=\"yoast-schema-graph\">{\"@context\":\"https:\/\/schema.org\",\"@graph\":[{\"@type\":\"WebSite\",\"@id\":\"https:\/\/soloptical.net\/blog\/#website\",\"url\":\"https:\/\/soloptical.net\/blog\/\",\"name\":\"Blog a primera vista\",\"description\":\"by soloptical\",\"potentialAction\":[{\"@type\":\"SearchAction\",\"target\":{\"@type\":\"EntryPoint\",\"urlTemplate\":\"https:\/\/soloptical.net\/blog\/?s={search_term_string}\"},\"query-input\":\"required name=search_term_string\"}],\"inLanguage\":\"es\"},{\"@type\":\"ImageObject\",\"@id\":\"https:\/\/soloptical.net\/blog\/covid-19-seguridad-a-la-vista-en-soloptical\/#primaryimage\",\"inLanguage\":\"es\",\"url\":\"https:\/\/soloptical.net\/blog\/wp-content\/uploads\/2020\/06\/Seguridad-a-la-vista.jpg\",\"contentUrl\":\"https:\/\/soloptical.net\/blog\/wp-content\/uploads\/2020\/06\/Seguridad-a-la-vista.jpg\",\"width\":7680,\"height\":5120},{\"@type\":\"WebPage\",\"@id\":\"https:\/\/soloptical.net\/blog\/covid-19-seguridad-a-la-vista-en-soloptical\/#webpage\",\"url\":\"https:\/\/soloptical.net\/blog\/covid-19-seguridad-a-la-vista-en-soloptical\/\",\"name\":\"Covid 19: Seguridad a la vista en Soloptical - Blog a primera vista\",\"isPartOf\":{\"@id\":\"https:\/\/soloptical.net\/blog\/#website\"},\"primaryImageOfPage\":{\"@id\":\"https:\/\/soloptical.net\/blog\/covid-19-seguridad-a-la-vista-en-soloptical\/#primaryimage\"},\"datePublished\":\"2020-06-11T05:43:26+00:00\",\"dateModified\":\"2020-06-17T08:47:49+00:00\",\"author\":{\"@id\":\"https:\/\/soloptical.net\/blog\/#\/schema\/person\/be883171b2dc1bdfaaa718c3076badf5\"},\"description\":\"Soloptical se adapta a la \u201cnueva\u201d normalidad tras el confinamiento de la pandemia del Covid 19.Limitaci\u00f3n de aforo de p\u00fablico en \u00f3pticas, empleo de hidrogeles, guantes y mascarillas y distancia social de un metro y medio son las medidas establecidas por las autoridades sanitarias.\",\"breadcrumb\":{\"@id\":\"https:\/\/soloptical.net\/blog\/covid-19-seguridad-a-la-vista-en-soloptical\/#breadcrumb\"},\"inLanguage\":\"es\",\"potentialAction\":[{\"@type\":\"ReadAction\",\"target\":[\"https:\/\/soloptical.net\/blog\/covid-19-seguridad-a-la-vista-en-soloptical\/\"]}]},{\"@type\":\"BreadcrumbList\",\"@id\":\"https:\/\/soloptical.net\/blog\/covid-19-seguridad-a-la-vista-en-soloptical\/#breadcrumb\",\"itemListElement\":[{\"@type\":\"ListItem\",\"position\":1,\"name\":\"Portada\",\"item\":\"https:\/\/soloptical.net\/blog\/\"},{\"@type\":\"ListItem\",\"position\":2,\"name\":\"Covid 19: Seguridad a la vista en Soloptical\"}]},{\"@type\":\"Person\",\"@id\":\"https:\/\/soloptical.net\/blog\/#\/schema\/person\/be883171b2dc1bdfaaa718c3076badf5\",\"name\":\"Ignacio del Valle\",\"image\":{\"@type\":\"ImageObject\",\"@id\":\"https:\/\/soloptical.net\/blog\/#personlogo\",\"inLanguage\":\"es\",\"url\":\"https:\/\/secure.gravatar.com\/avatar\/9ad4127768c84c42054454d8892fe489?s=96&d=mm&r=g\",\"contentUrl\":\"https:\/\/secure.gravatar.com\/avatar\/9ad4127768c84c42054454d8892fe489?s=96&d=mm&r=g\",\"caption\":\"Ignacio del Valle\"},\"url\":\"https:\/\/soloptical.net\/blog\/author\/ignacio-del-valle\/\"}]}<\/script>\n<!-- \/ Yoast SEO plugin. -->","yoast_head_json":{"title":"Covid 19: Seguridad a la vista en Soloptical - Blog a primera vista","description":"Soloptical se adapta a la \u201cnueva\u201d normalidad tras el confinamiento de la pandemia del Covid 19.Limitaci\u00f3n de aforo de p\u00fablico en \u00f3pticas, empleo de hidrogeles, guantes y mascarillas y distancia social de un metro y medio son las medidas establecidas por las autoridades sanitarias.","robots":{"index":"index","follow":"follow","max-snippet":"max-snippet:-1","max-image-preview":"max-image-preview:large","max-video-preview":"max-video-preview:-1"},"canonical":"https:\/\/soloptical.net\/blog\/covid-19-seguridad-a-la-vista-en-soloptical\/","og_locale":"es_ES","og_type":"article","og_title":"Covid 19: Seguridad a la vista en Soloptical - Blog a primera vista","og_description":"Soloptical se adapta a la \u201cnueva\u201d normalidad tras el confinamiento de la pandemia del Covid 19.Limitaci\u00f3n de aforo de p\u00fablico en \u00f3pticas, empleo de hidrogeles, guantes y mascarillas y distancia social de un metro y medio son las medidas establecidas por las autoridades sanitarias.","og_url":"https:\/\/soloptical.net\/blog\/covid-19-seguridad-a-la-vista-en-soloptical\/","og_site_name":"Blog a primera vista","article_published_time":"2020-06-11T05:43:26+00:00","article_modified_time":"2020-06-17T08:47:49+00:00","og_image":[{"url":"https:\/\/soloptical.net\/blog\/wp-content\/uploads\/2020\/06\/Seguridad-a-la-vista-1024x683.jpg"}],"twitter_card":"summary","twitter_misc":{"Escrito por":"Ignacio del Valle","Tiempo de lectura":"3 minutos"},"schema":{"@context":"https:\/\/schema.org","@graph":[{"@type":"WebSite","@id":"https:\/\/soloptical.net\/blog\/#website","url":"https:\/\/soloptical.net\/blog\/","name":"Blog a primera vista","description":"by soloptical","potentialAction":[{"@type":"SearchAction","target":{"@type":"EntryPoint","urlTemplate":"https:\/\/soloptical.net\/blog\/?s={search_term_string}"},"query-input":"required name=search_term_string"}],"inLanguage":"es"},{"@type":"ImageObject","@id":"https:\/\/soloptical.net\/blog\/covid-19-seguridad-a-la-vista-en-soloptical\/#primaryimage","inLanguage":"es","url":"https:\/\/soloptical.net\/blog\/wp-content\/uploads\/2020\/06\/Seguridad-a-la-vista.jpg","contentUrl":"https:\/\/soloptical.net\/blog\/wp-content\/uploads\/2020\/06\/Seguridad-a-la-vista.jpg","width":7680,"height":5120},{"@type":"WebPage","@id":"https:\/\/soloptical.net\/blog\/covid-19-seguridad-a-la-vista-en-soloptical\/#webpage","url":"https:\/\/soloptical.net\/blog\/covid-19-seguridad-a-la-vista-en-soloptical\/","name":"Covid 19: Seguridad a la vista en Soloptical - Blog a primera vista","isPartOf":{"@id":"https:\/\/soloptical.net\/blog\/#website"},"primaryImageOfPage":{"@id":"https:\/\/soloptical.net\/blog\/covid-19-seguridad-a-la-vista-en-soloptical\/#primaryimage"},"datePublished":"2020-06-11T05:43:26+00:00","dateModified":"2020-06-17T08:47:49+00:00","author":{"@id":"https:\/\/soloptical.net\/blog\/#\/schema\/person\/be883171b2dc1bdfaaa718c3076badf5"},"description":"Soloptical se adapta a la \u201cnueva\u201d normalidad tras el confinamiento de la pandemia del Covid 19.Limitaci\u00f3n de aforo de p\u00fablico en \u00f3pticas, empleo de hidrogeles, guantes y mascarillas y distancia social de un metro y medio son las medidas establecidas por las autoridades sanitarias.","breadcrumb":{"@id":"https:\/\/soloptical.net\/blog\/covid-19-seguridad-a-la-vista-en-soloptical\/#breadcrumb"},"inLanguage":"es","potentialAction":[{"@type":"ReadAction","target":["https:\/\/soloptical.net\/blog\/covid-19-seguridad-a-la-vista-en-soloptical\/"]}]},{"@type":"BreadcrumbList","@id":"https:\/\/soloptical.net\/blog\/covid-19-seguridad-a-la-vista-en-soloptical\/#breadcrumb","itemListElement":[{"@type":"ListItem","position":1,"name":"Portada","item":"https:\/\/soloptical.net\/blog\/"},{"@type":"ListItem","position":2,"name":"Covid 19: Seguridad a la vista en Soloptical"}]},{"@type":"Person","@id":"https:\/\/soloptical.net\/blog\/#\/schema\/person\/be883171b2dc1bdfaaa718c3076badf5","name":"Ignacio del Valle","image":{"@type":"ImageObject","@id":"https:\/\/soloptical.net\/blog\/#personlogo","inLanguage":"es","url":"https:\/\/secure.gravatar.com\/avatar\/9ad4127768c84c42054454d8892fe489?s=96&d=mm&r=g","contentUrl":"https:\/\/secure.gravatar.com\/avatar\/9ad4127768c84c42054454d8892fe489?s=96&d=mm&r=g","caption":"Ignacio del Valle"},"url":"https:\/\/soloptical.net\/blog\/author\/ignacio-del-valle\/"}]}},"_links":{"self":[{"href":"https:\/\/soloptical.net\/blog\/wp-json\/wp\/v2\/posts\/5927"}],"collection":[{"href":"https:\/\/soloptical.net\/blog\/wp-json\/wp\/v2\/posts"}],"about":[{"href":"https:\/\/soloptical.net\/blog\/wp-json\/wp\/v2\/types\/post"}],"author":[{"embeddable":true,"href":"https:\/\/soloptical.net\/blog\/wp-json\/wp\/v2\/users\/12"}],"replies":[{"embeddable":true,"href":"https:\/\/soloptical.net\/blog\/wp-json\/wp\/v2\/comments?post=5927"}],"version-history":[{"count":9,"href":"https:\/\/soloptical.net\/blog\/wp-json\/wp\/v2\/posts\/5927\/revisions"}],"predecessor-version":[{"id":5962,"href":"https:\/\/soloptical.net\/blog\/wp-json\/wp\/v2\/posts\/5927\/revisions\/5962"}],"wp:attachment":[{"href":"https:\/\/soloptical.net\/blog\/wp-json\/wp\/v2\/media?parent=5927"}],"wp:term":[{"taxonomy":"category","embeddable":true,"href":"https:\/\/soloptical.net\/blog\/wp-json\/wp\/v2\/categories?post=5927"},{"taxonomy":"post_tag","embeddable":true,"href":"https:\/\/soloptical.net\/blog\/wp-json\/wp\/v2\/tags?post=5927"}],"curies":[{"name":"wp","href":"https:\/\/api.w.org\/{rel}","templated":true}]}}