{"id":6601,"date":"2022-04-21T10:23:15","date_gmt":"2022-04-21T08:23:15","guid":{"rendered":"https:\/\/soloptical.net\/blog\/?p=6601"},"modified":"2022-04-22T13:05:42","modified_gmt":"2022-04-22T11:05:42","slug":"top-5-lecturas-recomendadas-de-isla-negra-para-el-dia-del-libro","status":"publish","type":"post","link":"https:\/\/soloptical.net\/blog\/top-5-lecturas-recomendadas-de-isla-negra-para-el-dia-del-libro\/","title":{"rendered":"TOP 5 LECTURAS RECOMENDADAS DE ISLA NEGRA PARA EL D\u00cdA DEL LIBRO"},"content":{"rendered":"\n<div class=\"wp-block-image\"><figure class=\"aligncenter size-full\"><a href=\"https:\/\/soloptical.net\/blog\/wp-content\/uploads\/2022\/04\/image-1.png\"><img loading=\"lazy\" width=\"878\" height=\"585\" src=\"https:\/\/soloptical.net\/blog\/wp-content\/uploads\/2022\/04\/image-1.png\" alt=\"\" class=\"wp-image-6603\" srcset=\"https:\/\/soloptical.net\/blog\/wp-content\/uploads\/2022\/04\/image-1.png 878w, https:\/\/soloptical.net\/blog\/wp-content\/uploads\/2022\/04\/image-1-300x200.png 300w, https:\/\/soloptical.net\/blog\/wp-content\/uploads\/2022\/04\/image-1-768x512.png 768w, https:\/\/soloptical.net\/blog\/wp-content\/uploads\/2022\/04\/image-1-573x382.png 573w\" sizes=\"(max-width: 878px) 100vw, 878px\" \/><\/a><\/figure><\/div>\n\n\n\n<p>Se aproxima el <strong>d\u00eda del libro<\/strong> y, tanto los lectores empedernidos como los ocasionales, no pierden la oportunidad de acudir a las librer\u00edas en busca de un <strong>libro <\/strong>para regalar o para regalarse. En esta semana en la que la literatura est\u00e1 m\u00e1s viva que nunca, hemos hecho un repaso de los libros m\u00e1s significativos para nosotros y hemos conformado esta breve (y dif\u00edcil) selecci\u00f3n para el<strong> top 5 de lecturas recomendadas <\/strong>por Isla Negra:<\/p>\n\n\n\n<h3><strong>La se\u00f1ora Dalloway. Virginia Woolf. 1\u00aa Edici\u00f3n, 1975. Editorial Lumen<\/strong><\/h3>\n\n\n\n<p>Una de las lecturas que consideramos indispensables en<strong><a href=\"https:\/\/libreriaislanegra.com\/\"> Isla Negra<\/a><\/strong> sin duda es<strong><em> La se\u00f1ora Dalloway<\/em><\/strong>. En ella se relata un d\u00eda corriente en la vida de Clarissa Dalloway, una dama casada con un diputado conservador y madre de una adolescente. La historia comienza una soleada ma\u00f1ana de junio de 1923, con un paseo de Clarissa por el centro de Londres, gran escenario de la novela, y termina esa misma noche, cuando comienzan a retirarse de casa de los Dalloway los invitados a su fiesta.<\/p>\n\n\n\n<p>Aunque en el curso del d\u00eda sucede un hecho tr\u00e1gico: el suicidio de un joven que vuelve de la guerra, lo notable de la historia no es ese episodio, ni los peque\u00f1os sucesos y recuerdos que la componen, sino que toda ella est\u00e9 <strong>narrada desde la conciencia de los personajes<\/strong> y del an\u00e1lisis de todo lo que pasa por sus mentes antes de actuar.<\/p>\n\n\n\n<p><strong><em>La se\u00f1ora Dalloway <\/em><\/strong>supuso una<strong> revoluci\u00f3n en la narrativa de su tiempo<\/strong> por su <strong>compleja estructura<\/strong>, en la que un narrador omnisciente relata varios episodios en la vida de diferentes personajes, ofreciendo un retrato realista y cr\u00edtico de la sociedad burguesa de la \u00e9poca en el Londres de comienzos del siglo XX.<\/p>\n\n\n\n<p>En <strong><a href=\"https:\/\/libreriaislanegra.com\/\">Isla Negra<\/a><\/strong> contamos con una <strong>primera edici\u00f3n<\/strong> en castellano de 1975, editada por Lumen con encuadernaci\u00f3n r\u00fastica. Si eres fan de la obra de <strong>Virginia Woolf <\/strong>es un libro que no puede faltar en tu biblioteca.<\/p>\n\n\n\n<p><strong>Te la recomendamos si:<\/strong> te gustan los dramas de \u00e9poca, te apetece una novela poco convencional.<\/p>\n\n\n\n<div class=\"wp-block-image\"><figure class=\"aligncenter size-full\"><a href=\"https:\/\/soloptical.net\/blog\/wp-content\/uploads\/2022\/04\/image.png\"><img loading=\"lazy\" width=\"449\" height=\"595\" src=\"https:\/\/soloptical.net\/blog\/wp-content\/uploads\/2022\/04\/image.png\" alt=\"La se\u00f1ora Dalloway de Virginia Woolf\" class=\"wp-image-6602\" srcset=\"https:\/\/soloptical.net\/blog\/wp-content\/uploads\/2022\/04\/image.png 449w, https:\/\/soloptical.net\/blog\/wp-content\/uploads\/2022\/04\/image-226x300.png 226w, https:\/\/soloptical.net\/blog\/wp-content\/uploads\/2022\/04\/image-324x430.png 324w\" sizes=\"(max-width: 449px) 100vw, 449px\" \/><\/a><\/figure><\/div>\n\n\n\n<h3><br>Cr\u00f3nica de una muerte anunciada. Gabriel Garc\u00eda M\u00e1rquez. 1\u00aa Edici\u00f3n, 1993. Plaza &amp; Janes<\/h3>\n\n\n\n<p>\u201c<em>El d\u00eda que lo iban a matar, Santiago Nasar se levant\u00f3 a las 5.30 de la ma\u00f1ana para esperar el buque en que llegaba el obispo\u201d<\/em>, as\u00ed comienza una de las novelas m\u00e1s importantes del <strong>Premio Nobel<\/strong>, Gabriel Garc\u00eda M\u00e1rquez, por el final.<\/p>\n\n\n\n<p>La muerte del protagonista ocurre en un escenario situado en el pueblo colombiano de Manaure, donde transcurre la rara <strong>historia de amor <\/strong>que existiera entre Bayardo San Rom\u00e1n y \u00c1ngela Vicario y el pobre Santiago Nasar, cabeza de turco que propuso \u00c1ngela ante la inquietante pregunta de sus hermanos, de qui\u00e9n le hab\u00eda pegado, entreg\u00e1ndolo a su muerte, relatada al comienzo de la novela. Es una de su<strong>s obras m\u00e1s realistas,<\/strong> ya que se basa en un hecho hist\u00f3rico ocurrido en su tierra natal.<\/p>\n\n\n\n<p>La edici\u00f3n que te presentamos es una de las m\u00e1s especiales de este libro, considerado un <strong>cl\u00e1sico de la literatura hispanoamericana,<\/strong> ya que se trata de la <strong>primera edici\u00f3n <\/strong>editada en Espa\u00f1a por Plaza &amp; Janes en 1993 y est\u00e1 disponible en nuestra librer\u00eda.<\/p>\n\n\n\n<p><strong>Te la recomendamos si: <\/strong>buscas una tragedia rom\u00e1ntica, quieres descubrir otros lugares a trav\u00e9s de la lectura.<\/p>\n\n\n\n<div class=\"wp-block-image\"><figure class=\"aligncenter size-full\"><a href=\"https:\/\/soloptical.net\/blog\/wp-content\/uploads\/2022\/04\/image-2.png\"><img loading=\"lazy\" width=\"395\" height=\"573\" src=\"https:\/\/soloptical.net\/blog\/wp-content\/uploads\/2022\/04\/image-2.png\" alt=\"Gabriel Garcia Marquez\" class=\"wp-image-6604\" srcset=\"https:\/\/soloptical.net\/blog\/wp-content\/uploads\/2022\/04\/image-2.png 395w, https:\/\/soloptical.net\/blog\/wp-content\/uploads\/2022\/04\/image-2-207x300.png 207w, https:\/\/soloptical.net\/blog\/wp-content\/uploads\/2022\/04\/image-2-296x430.png 296w\" sizes=\"(max-width: 395px) 100vw, 395px\" \/><\/a><\/figure><\/div>\n\n\n\n<h3><br>Canto general. Pablo Neruda. 2\u00aa Edici\u00f3n de 1988. Seix Barral<\/h3>\n\n\n\n<p>No nos movemos de Am\u00e9rica del Sur, en este caso para recomendarte <em>Canto general<\/em>, un <strong>cl\u00e1sico de la literatura hispanoamericana<\/strong> y de la <strong>poes\u00eda universal<\/strong> del siglo XX, al que Neruda llam\u00f3 en sus memorias mi \u201clibro m\u00e1s importante\u201d. Obra de car\u00e1cter enciclop\u00e9dico-hist\u00f3rico donde mezcla m\u00faltiples temas, g\u00e9neros y t\u00e9cnicas bajo un denominador com\u00fan, una misma idea: Am\u00e9rica. Constituy\u00e9ndose as\u00ed en una historia de las historias l\u00edrica del continente, pero tambi\u00e9n social y pol\u00edtica. Y dentro de este inmenso canto, con sus alturas y mesetas, una de las cumbres casi insuperables del idioma: el gran canto que es \u201cAlturas de Macchu Picchu\u201d, una proeza inspirada e inspiradora del castellano escrito en Chile para el mundo.<\/p>\n\n\n\n<p><br>Un libro esencial para los amantes de la poes\u00eda, especialmente de los <strong>poetas rom\u00e1nticos<\/strong> que, como en este caso incorporan la tradici\u00f3n y la cr\u00edtica de la realidad de su \u00e9poca, combin\u00e1ndola con la <strong>expresividad de las vanguardias<\/strong>, desarrollando un nuevo estilo.<\/p>\n\n\n\n<p><br><strong>Pablo Neruda<\/strong> es uno de los escritores y poetas m\u00e1s admirados de <strong><a href=\"https:\/\/libreriaislanegra.com\/\">Isla Negra<\/a><\/strong>. La colecci\u00f3n de curiosidades que albergaba en su casa de Isla Negra, en Chile, nos sirvi\u00f3 como inspiraci\u00f3n para el concepto y el nombre de nuestra librer\u00eda. En nuestras estanter\u00edas puedes encontrar diversidad de t\u00edtulos de Neruda, entre ellos esta segunda edici\u00f3n de los a\u00f1os 80, editada en Espa\u00f1a por Seix Barral.<br><\/p>\n\n\n\n<p><strong>Te la recomendamos si:<\/strong> lo tuyo es la poes\u00eda, te interesa la historia y costumbres de Am\u00e9rica del Sur.<\/p>\n\n\n\n<div class=\"wp-block-image\"><figure class=\"aligncenter size-full\"><a href=\"https:\/\/soloptical.net\/blog\/wp-content\/uploads\/2022\/04\/image-3.png\"><img loading=\"lazy\" width=\"406\" height=\"560\" src=\"https:\/\/soloptical.net\/blog\/wp-content\/uploads\/2022\/04\/image-3.png\" alt=\"Pablo Neruda Canto General \" class=\"wp-image-6605\" srcset=\"https:\/\/soloptical.net\/blog\/wp-content\/uploads\/2022\/04\/image-3.png 406w, https:\/\/soloptical.net\/blog\/wp-content\/uploads\/2022\/04\/image-3-218x300.png 218w, https:\/\/soloptical.net\/blog\/wp-content\/uploads\/2022\/04\/image-3-312x430.png 312w\" sizes=\"(max-width: 406px) 100vw, 406px\" \/><\/a><\/figure><\/div>\n\n\n\n<p><br><\/p>\n\n\n\n<h3>Los miserables. V\u00edctor Hugo. 1909. Casa editorial Sopena<\/h3>\n\n\n\n<p><br>Los miserables es uno de los <strong>hitos de la literatura universal,<\/strong> no solo por su calidad literaria sino por lo que representa. <strong>Novela hist\u00f3rica<\/strong> publicada en 1862, cuya historia se enmarca en el per\u00edodo de restauraci\u00f3n de la monarqu\u00eda francesa, que tuvo lugar en la primera mitad del siglo XIX. El tema conductor de la obra gira en torno al <strong>bien y el mal, la \u00e9tica, la justicia y la fe<\/strong>, reflexionando de este modo sobre la naturaleza humana frente a la adversidad.<\/p>\n\n\n\n<p><br>La novela se divide en varios cap\u00edtulos, en cada uno de los cuales narra la historia de sus diferentes protagonistas: Fantine, Cosette, Marius, El idilio de la calle Plumet y la epopeya de la calle Saint-Denis; y Jean Valjean. Otro de los aspectos a destacar de la obra es la evoluci\u00f3n de sus personajes, ya que se desarrolla durante un<strong> per\u00edodo de 20 a\u00f1os<\/strong>. Las vidas de todos ellos se entrelazan para presentarnos esta <strong>novela coral,<\/strong> que aunque es enmarcada en el romanticismo, es un ejercicio de innovaci\u00f3n, en la que Victor Hugo busc\u00f3 una nueva forma de narrar, un g\u00e9nero adecuado para englobarlo todo, algo as\u00ed como la \u201cnovela total\u201d.<\/p>\n\n\n\n<p><br>Por su condici\u00f3n de <strong>cl\u00e1sico<\/strong>, ha sido publicado en multitud de idiomas y existe una gran diversidad de ediciones. Si buscas una m\u00e1s especial, te recomendamos esta<strong> edici\u00f3n antigua <\/strong>en dos tomos publicada por la editorial Sopena en 1909.<\/p>\n\n\n\n<p><br>Te la recomendamos si:<strong> eres una apasionado\/a de la historia, en tu biblioteca no pueden faltar los cl\u00e1sicos <\/strong>literarios, buscas una lectura emotiva.<\/p>\n\n\n\n<div class=\"wp-block-image\"><figure class=\"aligncenter size-full\"><a href=\"https:\/\/soloptical.net\/blog\/wp-content\/uploads\/2022\/04\/image-4.png\"><img loading=\"lazy\" width=\"415\" height=\"623\" src=\"https:\/\/soloptical.net\/blog\/wp-content\/uploads\/2022\/04\/image-4.png\" alt=\"Los miserables. Victor Hugo\" class=\"wp-image-6606\" srcset=\"https:\/\/soloptical.net\/blog\/wp-content\/uploads\/2022\/04\/image-4.png 415w, https:\/\/soloptical.net\/blog\/wp-content\/uploads\/2022\/04\/image-4-200x300.png 200w, https:\/\/soloptical.net\/blog\/wp-content\/uploads\/2022\/04\/image-4-286x430.png 286w\" sizes=\"(max-width: 415px) 100vw, 415px\" \/><\/a><\/figure><\/div>\n\n\n\n<h3><br>Suite Francesa. Ir\u00e8ne N\u00e9mirovsky. 2010. Salamandra<\/h3>\n\n\n\n<p><br>Se trata de una de las <strong>novelas m\u00e1s tr\u00e1gicas<\/strong>, tanto en su creaci\u00f3n como en su publicaci\u00f3n. Se debe, por un lado, a que se compuso contempor\u00e1neamente a la historia descrita como argumento central de la obra: la <strong>ocupaci\u00f3n de Francia por parte del ej\u00e9rcito nazi<\/strong> y la reacci\u00f3n del pueblo franc\u00e9s ante el desastre. Por otro lado, es tr\u00e1gica porque deja entrever el sufrimiento de la propia autora. Esto se debe a que durante la invasi\u00f3n, Ir\u00e8ne N\u00e9mirovsky siendo descendiente de jud\u00edos rusos, debi\u00f3 huir a causa de las persecuciones bolcheviques, fue enviada a un campo de concentraci\u00f3n y no pudo concluir la novela tal y como la hab\u00eda planificado, ni tampoco publicar dos de los cap\u00edtulos que la completaban. El descubrimiento de este <strong>manuscrito perdido<\/strong> caus\u00f3 aut\u00e9ntica conmoci\u00f3n en el mundo editorial europeo.<\/p>\n\n\n\n<p><br>El desarrollo de la obra se produce a medida que los alemanes van tomando posesi\u00f3n de Francia, y se va produciendo un desmoronamiento del orden social imperante y el nacimiento de una nueva \u00e9poca. La presencia de los invasores despertar\u00e1 odios, pero tambi\u00e9n <strong>historias de amor clandestinas<\/strong> y p\u00fablicas muestras de colaboracionismo.<\/p>\n\n\n\n<p><br>Es una de nuestras <strong>lecturas m\u00e1s recomendadas,<\/strong> ya que narra hechos hist\u00f3ricos con una precisi\u00f3n y veracidad inigualables. Adem\u00e1s, es una historia intimista y emotiva que nos conmueve y nos hace ser conscientes de los sucesos del pasado.<\/p>\n\n\n\n<p><br><strong>Te la recomendamos si:<\/strong> te interesan las historias que se desarrollan en el marco de la Segunda Guerra Mundial, prefieres los relatos intimistas.<\/p>\n\n\n\n<p><\/p>\n\n\n\n<div class=\"wp-block-image\"><figure class=\"aligncenter size-full\"><a href=\"https:\/\/soloptical.net\/blog\/wp-content\/uploads\/2022\/04\/image-5.png\"><img loading=\"lazy\" width=\"421\" height=\"561\" src=\"https:\/\/soloptical.net\/blog\/wp-content\/uploads\/2022\/04\/image-5.png\" alt=\"suite francesa\" class=\"wp-image-6607\" srcset=\"https:\/\/soloptical.net\/blog\/wp-content\/uploads\/2022\/04\/image-5.png 421w, https:\/\/soloptical.net\/blog\/wp-content\/uploads\/2022\/04\/image-5-225x300.png 225w, https:\/\/soloptical.net\/blog\/wp-content\/uploads\/2022\/04\/image-5-323x430.png 323w\" sizes=\"(max-width: 421px) 100vw, 421px\" \/><\/a><\/figure><\/div>\n\n\n\n<p><br><strong>Esperamos que nuestras recomendaciones te sirvan de inspiraci\u00f3n para este d\u00eda del libro. Si buscas alguna de estas ediciones no dudes en visitarnos en C\/ \u00c1lamos, 15 (M\u00e1laga), o contactarnos a trav\u00e9s de <a href=\"https:\/\/www.instagram.com\/libreriaislanegra\/\">Instagram.<\/a><\/strong><\/p>\n\n\n\n<p class=\"has-text-align-center\"><br>\u00a1Feliz lectura! <\/p>\n\n\n\n<p><br>Alba Romero<br>Librera y galerista en Libre<strong>r\u00eda Isla Negra<\/strong><\/p>\n","protected":false},"excerpt":{"rendered":"<p>Se aproxima el d\u00eda del libro y, tanto los lectores empedernidos como los ocasionales, no pierden la oportunidad de acudir a las librer\u00edas en busca de un libro para regalar o para regalarse. En esta semana en la que la literatura est\u00e1 m\u00e1s viva que nunca, hemos hecho un repaso de los libros m\u00e1s significativos&nbsp;<a href=\"https:\/\/soloptical.net\/blog\/top-5-lecturas-recomendadas-de-isla-negra-para-el-dia-del-libro\/\" class=\"read-more\">Continua leyendo<\/a><\/p>\n","protected":false},"author":14,"featured_media":0,"comment_status":"open","ping_status":"open","sticky":false,"template":"","format":"standard","meta":[],"categories":[80,253,265],"tags":[529,530,531],"yoast_head":"<!-- This site is optimized with the Yoast SEO plugin v18.6 - https:\/\/yoast.com\/wordpress\/plugins\/seo\/ -->\n<title>TOP 5 LECTURAS RECOMENDADAS DE ISLA NEGRA PARA EL D\u00cdA DEL LIBRO - Blog a primera vista<\/title>\n<meta name=\"description\" content=\"Selecci\u00f3n para el Top 5 lecturas recomendadas de librer\u00eda Isla Negra para el D\u00eda del Libro | Soloptical Blog\" \/>\n<meta name=\"robots\" content=\"index, follow, max-snippet:-1, max-image-preview:large, max-video-preview:-1\" \/>\n<link rel=\"canonical\" href=\"https:\/\/soloptical.net\/blog\/top-5-lecturas-recomendadas-de-isla-negra-para-el-dia-del-libro\/\" \/>\n<meta property=\"og:locale\" content=\"es_ES\" \/>\n<meta property=\"og:type\" content=\"article\" \/>\n<meta property=\"og:title\" content=\"TOP 5 LECTURAS RECOMENDADAS DE ISLA NEGRA PARA EL D\u00cdA DEL LIBRO - Blog a primera vista\" \/>\n<meta property=\"og:description\" content=\"Selecci\u00f3n para el Top 5 lecturas recomendadas de librer\u00eda Isla Negra para el D\u00eda del Libro | Soloptical Blog\" \/>\n<meta property=\"og:url\" content=\"https:\/\/soloptical.net\/blog\/top-5-lecturas-recomendadas-de-isla-negra-para-el-dia-del-libro\/\" \/>\n<meta property=\"og:site_name\" content=\"Blog a primera vista\" \/>\n<meta property=\"article:published_time\" content=\"2022-04-21T08:23:15+00:00\" \/>\n<meta property=\"article:modified_time\" content=\"2022-04-22T11:05:42+00:00\" \/>\n<meta property=\"og:image\" content=\"https:\/\/soloptical.net\/blog\/wp-content\/uploads\/2022\/04\/image-1.png\" \/>\n<meta name=\"twitter:card\" content=\"summary\" \/>\n<meta name=\"twitter:label1\" content=\"Escrito por\" \/>\n\t<meta name=\"twitter:data1\" content=\"Soloptical\" \/>\n\t<meta name=\"twitter:label2\" content=\"Tiempo de lectura\" \/>\n\t<meta name=\"twitter:data2\" content=\"8 minutos\" \/>\n<script type=\"application\/ld+json\" class=\"yoast-schema-graph\">{\"@context\":\"https:\/\/schema.org\",\"@graph\":[{\"@type\":\"WebSite\",\"@id\":\"https:\/\/soloptical.net\/blog\/#website\",\"url\":\"https:\/\/soloptical.net\/blog\/\",\"name\":\"Blog a primera vista\",\"description\":\"by soloptical\",\"potentialAction\":[{\"@type\":\"SearchAction\",\"target\":{\"@type\":\"EntryPoint\",\"urlTemplate\":\"https:\/\/soloptical.net\/blog\/?s={search_term_string}\"},\"query-input\":\"required name=search_term_string\"}],\"inLanguage\":\"es\"},{\"@type\":\"ImageObject\",\"@id\":\"https:\/\/soloptical.net\/blog\/top-5-lecturas-recomendadas-de-isla-negra-para-el-dia-del-libro\/#primaryimage\",\"inLanguage\":\"es\",\"url\":\"https:\/\/soloptical.net\/blog\/wp-content\/uploads\/2022\/04\/image-1.png\",\"contentUrl\":\"https:\/\/soloptical.net\/blog\/wp-content\/uploads\/2022\/04\/image-1.png\",\"width\":878,\"height\":585},{\"@type\":\"WebPage\",\"@id\":\"https:\/\/soloptical.net\/blog\/top-5-lecturas-recomendadas-de-isla-negra-para-el-dia-del-libro\/#webpage\",\"url\":\"https:\/\/soloptical.net\/blog\/top-5-lecturas-recomendadas-de-isla-negra-para-el-dia-del-libro\/\",\"name\":\"TOP 5 LECTURAS RECOMENDADAS DE ISLA NEGRA PARA EL D\u00cdA DEL LIBRO - Blog a primera vista\",\"isPartOf\":{\"@id\":\"https:\/\/soloptical.net\/blog\/#website\"},\"primaryImageOfPage\":{\"@id\":\"https:\/\/soloptical.net\/blog\/top-5-lecturas-recomendadas-de-isla-negra-para-el-dia-del-libro\/#primaryimage\"},\"datePublished\":\"2022-04-21T08:23:15+00:00\",\"dateModified\":\"2022-04-22T11:05:42+00:00\",\"author\":{\"@id\":\"https:\/\/soloptical.net\/blog\/#\/schema\/person\/359c4f6f12579bf531475999b3f07ecc\"},\"description\":\"Selecci\u00f3n para el Top 5 lecturas recomendadas de librer\u00eda Isla Negra para el D\u00eda del Libro | Soloptical Blog\",\"breadcrumb\":{\"@id\":\"https:\/\/soloptical.net\/blog\/top-5-lecturas-recomendadas-de-isla-negra-para-el-dia-del-libro\/#breadcrumb\"},\"inLanguage\":\"es\",\"potentialAction\":[{\"@type\":\"ReadAction\",\"target\":[\"https:\/\/soloptical.net\/blog\/top-5-lecturas-recomendadas-de-isla-negra-para-el-dia-del-libro\/\"]}]},{\"@type\":\"BreadcrumbList\",\"@id\":\"https:\/\/soloptical.net\/blog\/top-5-lecturas-recomendadas-de-isla-negra-para-el-dia-del-libro\/#breadcrumb\",\"itemListElement\":[{\"@type\":\"ListItem\",\"position\":1,\"name\":\"Portada\",\"item\":\"https:\/\/soloptical.net\/blog\/\"},{\"@type\":\"ListItem\",\"position\":2,\"name\":\"TOP 5 LECTURAS RECOMENDADAS DE ISLA NEGRA PARA EL D\u00cdA DEL LIBRO\"}]},{\"@type\":\"Person\",\"@id\":\"https:\/\/soloptical.net\/blog\/#\/schema\/person\/359c4f6f12579bf531475999b3f07ecc\",\"name\":\"Soloptical\",\"image\":{\"@type\":\"ImageObject\",\"@id\":\"https:\/\/soloptical.net\/blog\/#personlogo\",\"inLanguage\":\"es\",\"url\":\"https:\/\/secure.gravatar.com\/avatar\/dd2147cd2f30d8bd31c9aeb9cd4e8a4c?s=96&d=mm&r=g\",\"contentUrl\":\"https:\/\/secure.gravatar.com\/avatar\/dd2147cd2f30d8bd31c9aeb9cd4e8a4c?s=96&d=mm&r=g\",\"caption\":\"Soloptical\"},\"url\":\"https:\/\/soloptical.net\/blog\/author\/lifting\/\"}]}<\/script>\n<!-- \/ Yoast SEO plugin. -->","yoast_head_json":{"title":"TOP 5 LECTURAS RECOMENDADAS DE ISLA NEGRA PARA EL D\u00cdA DEL LIBRO - Blog a primera vista","description":"Selecci\u00f3n para el Top 5 lecturas recomendadas de librer\u00eda Isla Negra para el D\u00eda del Libro | Soloptical Blog","robots":{"index":"index","follow":"follow","max-snippet":"max-snippet:-1","max-image-preview":"max-image-preview:large","max-video-preview":"max-video-preview:-1"},"canonical":"https:\/\/soloptical.net\/blog\/top-5-lecturas-recomendadas-de-isla-negra-para-el-dia-del-libro\/","og_locale":"es_ES","og_type":"article","og_title":"TOP 5 LECTURAS RECOMENDADAS DE ISLA NEGRA PARA EL D\u00cdA DEL LIBRO - Blog a primera vista","og_description":"Selecci\u00f3n para el Top 5 lecturas recomendadas de librer\u00eda Isla Negra para el D\u00eda del Libro | Soloptical Blog","og_url":"https:\/\/soloptical.net\/blog\/top-5-lecturas-recomendadas-de-isla-negra-para-el-dia-del-libro\/","og_site_name":"Blog a primera vista","article_published_time":"2022-04-21T08:23:15+00:00","article_modified_time":"2022-04-22T11:05:42+00:00","og_image":[{"url":"https:\/\/soloptical.net\/blog\/wp-content\/uploads\/2022\/04\/image-1.png"}],"twitter_card":"summary","twitter_misc":{"Escrito por":"Soloptical","Tiempo de lectura":"8 minutos"},"schema":{"@context":"https:\/\/schema.org","@graph":[{"@type":"WebSite","@id":"https:\/\/soloptical.net\/blog\/#website","url":"https:\/\/soloptical.net\/blog\/","name":"Blog a primera vista","description":"by soloptical","potentialAction":[{"@type":"SearchAction","target":{"@type":"EntryPoint","urlTemplate":"https:\/\/soloptical.net\/blog\/?s={search_term_string}"},"query-input":"required name=search_term_string"}],"inLanguage":"es"},{"@type":"ImageObject","@id":"https:\/\/soloptical.net\/blog\/top-5-lecturas-recomendadas-de-isla-negra-para-el-dia-del-libro\/#primaryimage","inLanguage":"es","url":"https:\/\/soloptical.net\/blog\/wp-content\/uploads\/2022\/04\/image-1.png","contentUrl":"https:\/\/soloptical.net\/blog\/wp-content\/uploads\/2022\/04\/image-1.png","width":878,"height":585},{"@type":"WebPage","@id":"https:\/\/soloptical.net\/blog\/top-5-lecturas-recomendadas-de-isla-negra-para-el-dia-del-libro\/#webpage","url":"https:\/\/soloptical.net\/blog\/top-5-lecturas-recomendadas-de-isla-negra-para-el-dia-del-libro\/","name":"TOP 5 LECTURAS RECOMENDADAS DE ISLA NEGRA PARA EL D\u00cdA DEL LIBRO - Blog a primera vista","isPartOf":{"@id":"https:\/\/soloptical.net\/blog\/#website"},"primaryImageOfPage":{"@id":"https:\/\/soloptical.net\/blog\/top-5-lecturas-recomendadas-de-isla-negra-para-el-dia-del-libro\/#primaryimage"},"datePublished":"2022-04-21T08:23:15+00:00","dateModified":"2022-04-22T11:05:42+00:00","author":{"@id":"https:\/\/soloptical.net\/blog\/#\/schema\/person\/359c4f6f12579bf531475999b3f07ecc"},"description":"Selecci\u00f3n para el Top 5 lecturas recomendadas de librer\u00eda Isla Negra para el D\u00eda del Libro | Soloptical Blog","breadcrumb":{"@id":"https:\/\/soloptical.net\/blog\/top-5-lecturas-recomendadas-de-isla-negra-para-el-dia-del-libro\/#breadcrumb"},"inLanguage":"es","potentialAction":[{"@type":"ReadAction","target":["https:\/\/soloptical.net\/blog\/top-5-lecturas-recomendadas-de-isla-negra-para-el-dia-del-libro\/"]}]},{"@type":"BreadcrumbList","@id":"https:\/\/soloptical.net\/blog\/top-5-lecturas-recomendadas-de-isla-negra-para-el-dia-del-libro\/#breadcrumb","itemListElement":[{"@type":"ListItem","position":1,"name":"Portada","item":"https:\/\/soloptical.net\/blog\/"},{"@type":"ListItem","position":2,"name":"TOP 5 LECTURAS RECOMENDADAS DE ISLA NEGRA PARA EL D\u00cdA DEL LIBRO"}]},{"@type":"Person","@id":"https:\/\/soloptical.net\/blog\/#\/schema\/person\/359c4f6f12579bf531475999b3f07ecc","name":"Soloptical","image":{"@type":"ImageObject","@id":"https:\/\/soloptical.net\/blog\/#personlogo","inLanguage":"es","url":"https:\/\/secure.gravatar.com\/avatar\/dd2147cd2f30d8bd31c9aeb9cd4e8a4c?s=96&d=mm&r=g","contentUrl":"https:\/\/secure.gravatar.com\/avatar\/dd2147cd2f30d8bd31c9aeb9cd4e8a4c?s=96&d=mm&r=g","caption":"Soloptical"},"url":"https:\/\/soloptical.net\/blog\/author\/lifting\/"}]}},"_links":{"self":[{"href":"https:\/\/soloptical.net\/blog\/wp-json\/wp\/v2\/posts\/6601"}],"collection":[{"href":"https:\/\/soloptical.net\/blog\/wp-json\/wp\/v2\/posts"}],"about":[{"href":"https:\/\/soloptical.net\/blog\/wp-json\/wp\/v2\/types\/post"}],"author":[{"embeddable":true,"href":"https:\/\/soloptical.net\/blog\/wp-json\/wp\/v2\/users\/14"}],"replies":[{"embeddable":true,"href":"https:\/\/soloptical.net\/blog\/wp-json\/wp\/v2\/comments?post=6601"}],"version-history":[{"count":2,"href":"https:\/\/soloptical.net\/blog\/wp-json\/wp\/v2\/posts\/6601\/revisions"}],"predecessor-version":[{"id":6609,"href":"https:\/\/soloptical.net\/blog\/wp-json\/wp\/v2\/posts\/6601\/revisions\/6609"}],"wp:attachment":[{"href":"https:\/\/soloptical.net\/blog\/wp-json\/wp\/v2\/media?parent=6601"}],"wp:term":[{"taxonomy":"category","embeddable":true,"href":"https:\/\/soloptical.net\/blog\/wp-json\/wp\/v2\/categories?post=6601"},{"taxonomy":"post_tag","embeddable":true,"href":"https:\/\/soloptical.net\/blog\/wp-json\/wp\/v2\/tags?post=6601"}],"curies":[{"name":"wp","href":"https:\/\/api.w.org\/{rel}","templated":true}]}}